{"id":240459,"date":"2016-08-10T00:00:00","date_gmt":"2016-08-10T00:00:00","guid":{"rendered":"https:\/\/www.ecuadortimes.net\/es\/ecuador-pide-al-fmi-que-atrase-su-informe\/"},"modified":"2016-08-10T00:00:00","modified_gmt":"2016-08-10T00:00:00","slug":"ecuador-pide-al-fmi-que-atrase-su-informe","status":"publish","type":"post","link":"https:\/\/www.ecuadortimes.net\/es\/ecuador-pide-al-fmi-que-atrase-su-informe\/","title":{"rendered":"Ecuador pide al FMI que atrase su informe"},"content":{"rendered":"<p>&nbsp;<\/p>\n<p style=\"text-align: justify;\"><img loading=\"lazy\" class=\"alignnone size-full wp-image-179839\" src=\"https:\/\/www.ecuadortimes.net\/es\/wp-content\/uploads\/2016\/08\/CORREA-ECUADORTIMES-ECUADORNEWS.jpg\" alt=\"CORREA-ECUADORTIMES-ECUADORNEWS\" width=\"762\" height=\"428\" \/><\/p>\n<p style=\"text-align: justify;\"><strong>Ecuador<\/strong> le ha pedido m\u00e1s tiempo al Fondo Monetario Internacional antes de que se haga p\u00fablico el informe anual que el organismo multilateral prepara sobre el desempe\u00f1o econ\u00f3mico y que incluye una receta de ajuste.<\/p>\n<p style=\"text-align: justify;\">\n<p style=\"text-align: justify;\">Las autoridades ecuatorianas le han pedido la pr\u00f3rroga al multilateral para decidir sobre si se publica el informe este a\u00f1o y la correspondiente nota de prensa, seg\u00fan consta en la web del FMI.<\/p>\n<p style=\"text-align: justify;\">\n<p style=\"text-align: justify;\">Este informe hace una recopilaci\u00f3n de todos los indicadores econ\u00f3micos del pa\u00eds y adem\u00e1s propone ciertos ajustes para mejorar el desempe\u00f1o.<\/p>\n<p style=\"text-align: justify;\">\n<p style=\"text-align: justify;\">Aunque el reporte del FMI ya est\u00e1 listo, a\u00fan no se ha dado a conocer. De hecho, ambas partes analizaron el pasado 8 de julio, justo el mismo d\u00eda en que el multilateral deb\u00eda tambi\u00e9n decidir si conced\u00eda a Ecuador una l\u00ednea de financiamiento r\u00e1pido para ayudar a la reconstrucci\u00f3n del terremoto. Se cumpli\u00f3 con la agenda y el organismo, con sede en Washington (EE. UU.), aprob\u00f3 un cr\u00e9dito de 364 millones de d\u00f3lares sin condicionamientos ni ajustes por parte del pa\u00eds. (I)<\/p>\n<p>&nbsp;<\/p>\n<p>Fuente: <a href=\"http:\/\/expreso.ec\/economia\/ecuador-pide-al-fmi-que-atrase-su-informe-AB553828\">http:\/\/expreso.ec\/economia\/ecuador-pide-al-fmi-que-atrase-su-informe-AB553828<\/a><\/p>\n","protected":false},"excerpt":{"rendered":"<p>&nbsp; Ecuador le ha pedido m\u00e1s tiempo al Fondo Monetario Internacional antes de que se haga p\u00fablico el informe anual que el organismo multilateral prepara sobre el desempe\u00f1o econ\u00f3mico y que incluye una receta de ajuste. Las autoridades ecuatorianas le han pedido la pr\u00f3rroga al multilateral para decidir sobre si se publica el informe este a\u00f1o y la correspondiente nota de prensa, seg\u00fan consta en la web del FMI. Este informe hace una recopilaci\u00f3n de todos los indicadores econ\u00f3micos del pa\u00eds y adem\u00e1s propone ciertos ajustes para mejorar el desempe\u00f1o. Aunque el reporte del FMI ya est\u00e1 listo, a\u00fan no se ha dado a conocer. De hecho, ambas partes analizaron el pasado 8 de julio, justo el mismo d\u00eda en que el multilateral deb\u00eda tambi\u00e9n decidir si conced\u00eda a Ecuador una l\u00ednea de financiamiento r\u00e1pido para ayudar a la reconstrucci\u00f3n del terremoto. Se cumpli\u00f3 con la agenda y el organismo, con sede en Washington (EE. UU.), aprob\u00f3 un cr\u00e9dito de 364 millones de d\u00f3lares sin condicionamientos ni ajustes por parte del pa\u00eds. (I) &nbsp; Fuente: http:\/\/expreso.ec\/economia\/ecuador-pide-al-fmi-que-atrase-su-informe-AB553828<\/p>\n","protected":false},"author":1,"featured_media":240460,"comment_status":"open","ping_status":"open","sticky":false,"template":"","format":"standard","meta":[],"categories":[54,40],"tags":[],"_links":{"self":[{"href":"https:\/\/www.ecuadortimes.net\/es\/wp-json\/wp\/v2\/posts\/240459"}],"collection":[{"href":"https:\/\/www.ecuadortimes.net\/es\/wp-json\/wp\/v2\/posts"}],"about":[{"href":"https:\/\/www.ecuadortimes.net\/es\/wp-json\/wp\/v2\/types\/post"}],"author":[{"embeddable":true,"href":"https:\/\/www.ecuadortimes.net\/es\/wp-json\/wp\/v2\/users\/1"}],"replies":[{"embeddable":true,"href":"https:\/\/www.ecuadortimes.net\/es\/wp-json\/wp\/v2\/comments?post=240459"}],"version-history":[{"count":0,"href":"https:\/\/www.ecuadortimes.net\/es\/wp-json\/wp\/v2\/posts\/240459\/revisions"}],"wp:featuredmedia":[{"embeddable":true,"href":"https:\/\/www.ecuadortimes.net\/es\/wp-json\/wp\/v2\/media\/240460"}],"wp:attachment":[{"href":"https:\/\/www.ecuadortimes.net\/es\/wp-json\/wp\/v2\/media?parent=240459"}],"wp:term":[{"taxonomy":"category","embeddable":true,"href":"https:\/\/www.ecuadortimes.net\/es\/wp-json\/wp\/v2\/categories?post=240459"},{"taxonomy":"post_tag","embeddable":true,"href":"https:\/\/www.ecuadortimes.net\/es\/wp-json\/wp\/v2\/tags?post=240459"}],"curies":[{"name":"wp","href":"https:\/\/api.w.org\/{rel}","templated":true}]}}