{"id":240463,"date":"2016-08-10T00:00:00","date_gmt":"2016-08-10T00:00:00","guid":{"rendered":"https:\/\/www.ecuadortimes.net\/es\/jueza-de-la-corte-constitucional-se-casa-en-carondelet\/"},"modified":"2016-08-10T00:00:00","modified_gmt":"2016-08-10T00:00:00","slug":"jueza-de-la-corte-constitucional-se-casa-en-carondelet","status":"publish","type":"post","link":"https:\/\/www.ecuadortimes.net\/es\/jueza-de-la-corte-constitucional-se-casa-en-carondelet\/","title":{"rendered":"Jueza de la Corte Constitucional se casa en Carondelet"},"content":{"rendered":"<p>&nbsp;<\/p>\n<p style=\"text-align: justify;\"><img loading=\"lazy\" class=\"size-large wp-image-179847 aligncenter\" src=\"https:\/\/www.ecuadortimes.net\/es\/wp-content\/uploads\/2016\/08\/Tatiana-Orden\u00cc\u0083ana-ecuadortimes-1024x576.jpg\" alt=\"Tatiana-Orden\u00cc\u0083ana-ecuadortimes\" width=\"960\" height=\"540\" \/><\/p>\n<p style=\"text-align: justify;\">La <strong>jueza de la Corte Constitucional<\/strong> (CC), Tatiana Orde\u00f1ana, contrajo matrimonio civil en el Palacio de Gobierno, con el aval del presidente Rafael Correa, inform\u00f3 la flamante esposa cuando ingresaba a la <strong>Carondelet<\/strong>.<\/p>\n<p style=\"text-align: justify;\">\n<p style=\"text-align: justify;\">Seg\u00fan recoge <strong>Diario La Hora<\/strong>, Orde\u00f1ana, exconsejera de <strong>Participaci\u00f3n Ciudadana<\/strong> y actual jueza de la CC, lleg\u00f3 a las 18:00, y en cortas declaraciones, dijo sentirse feliz y emocionada por nueva esta etapa de vida\u009d.<\/p>\n<p style=\"text-align: justify;\">\n<p style=\"text-align: justify;\">Trascendi\u00f3 que la ceremonia fue presidida por el primer mandatario, en reservado, con la presencia de amigos y familiares de la jueza de la CC. (I)<\/p>\n<p>&nbsp;<\/p>\n<p>Fuente: <a href=\"http:\/\/www.larepublica.ec\/blog\/politica\/2016\/08\/09\/jueza-de-la-corte-constitucional-se-casa-en-carondelet\/#prettyPhoto\">http:\/\/www.larepublica.ec\/blog\/politica\/2016\/08\/09\/jueza-de-la-corte-constitucional-se-casa-en-carondelet\/#prettyPhoto<\/a><\/p>\n","protected":false},"excerpt":{"rendered":"<p>&nbsp; La jueza de la Corte Constitucional (CC), Tatiana Orde\u00f1ana, contrajo matrimonio civil en el Palacio de Gobierno, con el aval del presidente Rafael Correa, inform\u00f3 la flamante esposa cuando ingresaba a la Carondelet. Seg\u00fan recoge Diario La Hora, Orde\u00f1ana, exconsejera de Participaci\u00f3n Ciudadana y actual jueza de la CC, lleg\u00f3 a las 18:00, y en cortas declaraciones, dijo sentirse feliz y emocionada por nueva esta etapa de vida\u009d. Trascendi\u00f3 que la ceremonia fue presidida por el primer mandatario, en reservado, con la presencia de amigos y familiares de la jueza de la CC. (I) &nbsp; Fuente: http:\/\/www.larepublica.ec\/blog\/politica\/2016\/08\/09\/jueza-de-la-corte-constitucional-se-casa-en-carondelet\/#prettyPhoto<\/p>\n","protected":false},"author":1,"featured_media":240464,"comment_status":"open","ping_status":"open","sticky":false,"template":"","format":"standard","meta":[],"categories":[40],"tags":[],"_links":{"self":[{"href":"https:\/\/www.ecuadortimes.net\/es\/wp-json\/wp\/v2\/posts\/240463"}],"collection":[{"href":"https:\/\/www.ecuadortimes.net\/es\/wp-json\/wp\/v2\/posts"}],"about":[{"href":"https:\/\/www.ecuadortimes.net\/es\/wp-json\/wp\/v2\/types\/post"}],"author":[{"embeddable":true,"href":"https:\/\/www.ecuadortimes.net\/es\/wp-json\/wp\/v2\/users\/1"}],"replies":[{"embeddable":true,"href":"https:\/\/www.ecuadortimes.net\/es\/wp-json\/wp\/v2\/comments?post=240463"}],"version-history":[{"count":0,"href":"https:\/\/www.ecuadortimes.net\/es\/wp-json\/wp\/v2\/posts\/240463\/revisions"}],"wp:featuredmedia":[{"embeddable":true,"href":"https:\/\/www.ecuadortimes.net\/es\/wp-json\/wp\/v2\/media\/240464"}],"wp:attachment":[{"href":"https:\/\/www.ecuadortimes.net\/es\/wp-json\/wp\/v2\/media?parent=240463"}],"wp:term":[{"taxonomy":"category","embeddable":true,"href":"https:\/\/www.ecuadortimes.net\/es\/wp-json\/wp\/v2\/categories?post=240463"},{"taxonomy":"post_tag","embeddable":true,"href":"https:\/\/www.ecuadortimes.net\/es\/wp-json\/wp\/v2\/tags?post=240463"}],"curies":[{"name":"wp","href":"https:\/\/api.w.org\/{rel}","templated":true}]}}