{"id":240469,"date":"2016-08-10T00:00:00","date_gmt":"2016-08-10T00:00:00","guid":{"rendered":"https:\/\/www.ecuadortimes.net\/es\/fiscalia-notifica-a-noriega-proceso-por-muerte-de-guerrillero-de-alfaro-vive\/"},"modified":"2016-08-10T00:00:00","modified_gmt":"2016-08-10T00:00:00","slug":"fiscalia-notifica-a-noriega-proceso-por-muerte-de-guerrillero-de-alfaro-vive","status":"publish","type":"post","link":"https:\/\/www.ecuadortimes.net\/es\/fiscalia-notifica-a-noriega-proceso-por-muerte-de-guerrillero-de-alfaro-vive\/","title":{"rendered":"Fiscal\u00eda notifica a Noriega proceso por muerte de guerrillero de Alfaro Vive"},"content":{"rendered":"<p><img loading=\"lazy\" class=\"alignnone size-full wp-image-179862\" src=\"https:\/\/www.ecuadortimes.net\/es\/wp-content\/uploads\/2016\/08\/manuel_antonio_noriega-ecuadortimes.png\" alt=\"manuel_antonio_noriega-ecuadortimes\" width=\"940\" height=\"499\" \/><\/p>\n<p>&nbsp;<\/p>\n<p style=\"text-align: justify;\">La Fiscal\u00eda General del Estado de Ecuador notific\u00f3 a Manuel Antonio Noriega, exdictador de Panam\u00e1 (1968-1989)\u009d el proceso penal en su contra en relaci\u00f3n con la muerte, en 1986, de Fausto Arturo Jarr\u00edn, l\u00edder del extinto grupo subversivo Alfaro Vive Carajo (AVC), que actu\u00f3 en el pa\u00eds andino en los a\u00f1os ochenta.<\/p>\n<p style=\"text-align: justify;\">\n<p style=\"text-align: justify;\">Seg\u00fan la Fiscal\u00eda, un testigo protegido declar\u00f3 que Noriega habr\u00eda ordenado la detenci\u00f3n de Jarr\u00edn en Panam\u00e1 y su entrega a las autoridades de Ecuador.<\/p>\n<p style=\"text-align: justify;\">\n<p style=\"text-align: justify;\">Se trata de una investigaci\u00f3n sobre cr\u00edmenes de lesa humanidad en la que se enjuician delitos de detenci\u00f3n ilegal, tortura y ejecuci\u00f3n extrajudicial, indic\u00f3 la Fiscal\u00eda en un comunicado.<\/p>\n<p>&nbsp;<\/p>\n<p>La Corte Nacional de Justicia (CNJ) de Ecuador vincul\u00f3 el 27 de julio en este caso a Noriega y a otras cuatro personas: Jos\u00e9 V. y Oswaldo M., ambos generales de la Polic\u00eda en situaci\u00f3n de retiro, Pedro C., coronel policial en retiro, y Fausto P., coronel en retiro de las Fuerzas Armadas, ind\u00edc\u00f3 ese d\u00eda la Fiscal\u00eda. (I)<\/p>\n<p>Fuente: <a href=\"http:\/\/www.larepublica.ec\/blog\/politica\/2016\/08\/09\/fiscalia-notifica-a-noriega-proceso-por-muerte-de-guerrillero-de-alfaro-vive\/#prettyPhoto\">http:\/\/www.larepublica.ec\/blog\/politica\/2016\/08\/09\/fiscalia-notifica-a-noriega-proceso-por-muerte-de-guerrillero-de-alfaro-vive\/#prettyPhoto<\/a><\/p>\n<p>&nbsp;<\/p>\n","protected":false},"excerpt":{"rendered":"<p>&nbsp; La Fiscal\u00eda General del Estado de Ecuador notific\u00f3 a Manuel Antonio Noriega, exdictador de Panam\u00e1 (1968-1989)\u009d el proceso penal en su contra en relaci\u00f3n con la muerte, en 1986, de Fausto Arturo Jarr\u00edn, l\u00edder del extinto grupo subversivo Alfaro Vive Carajo (AVC), que actu\u00f3 en el pa\u00eds andino en los a\u00f1os ochenta. Seg\u00fan la Fiscal\u00eda, un testigo protegido declar\u00f3 que Noriega habr\u00eda ordenado la detenci\u00f3n de Jarr\u00edn en Panam\u00e1 y su entrega a las autoridades de Ecuador. Se trata de una investigaci\u00f3n sobre cr\u00edmenes de lesa humanidad en la que se enjuician delitos de detenci\u00f3n ilegal, tortura y ejecuci\u00f3n extrajudicial, indic\u00f3 la Fiscal\u00eda en un comunicado. &nbsp; La Corte Nacional de Justicia (CNJ) de Ecuador vincul\u00f3 el 27 de julio en este caso a Noriega y a otras cuatro personas: Jos\u00e9 V. y Oswaldo M., ambos generales de la Polic\u00eda en situaci\u00f3n de retiro, Pedro C., coronel policial en retiro, y Fausto P., coronel en retiro de las Fuerzas Armadas, ind\u00edc\u00f3 ese d\u00eda la Fiscal\u00eda. (I) Fuente: http:\/\/www.larepublica.ec\/blog\/politica\/2016\/08\/09\/fiscalia-notifica-a-noriega-proceso-por-muerte-de-guerrillero-de-alfaro-vive\/#prettyPhoto &nbsp;<\/p>\n","protected":false},"author":1,"featured_media":0,"comment_status":"open","ping_status":"open","sticky":false,"template":"","format":"standard","meta":[],"categories":[40],"tags":[],"_links":{"self":[{"href":"https:\/\/www.ecuadortimes.net\/es\/wp-json\/wp\/v2\/posts\/240469"}],"collection":[{"href":"https:\/\/www.ecuadortimes.net\/es\/wp-json\/wp\/v2\/posts"}],"about":[{"href":"https:\/\/www.ecuadortimes.net\/es\/wp-json\/wp\/v2\/types\/post"}],"author":[{"embeddable":true,"href":"https:\/\/www.ecuadortimes.net\/es\/wp-json\/wp\/v2\/users\/1"}],"replies":[{"embeddable":true,"href":"https:\/\/www.ecuadortimes.net\/es\/wp-json\/wp\/v2\/comments?post=240469"}],"version-history":[{"count":0,"href":"https:\/\/www.ecuadortimes.net\/es\/wp-json\/wp\/v2\/posts\/240469\/revisions"}],"wp:attachment":[{"href":"https:\/\/www.ecuadortimes.net\/es\/wp-json\/wp\/v2\/media?parent=240469"}],"wp:term":[{"taxonomy":"category","embeddable":true,"href":"https:\/\/www.ecuadortimes.net\/es\/wp-json\/wp\/v2\/categories?post=240469"},{"taxonomy":"post_tag","embeddable":true,"href":"https:\/\/www.ecuadortimes.net\/es\/wp-json\/wp\/v2\/tags?post=240469"}],"curies":[{"name":"wp","href":"https:\/\/api.w.org\/{rel}","templated":true}]}}