{"id":240470,"date":"2016-08-10T00:00:00","date_gmt":"2016-08-10T00:00:00","guid":{"rendered":"https:\/\/www.ecuadortimes.net\/es\/estado-ecuatoriano-cobro-638-millones-menos-de-lo-que-esperaba\/"},"modified":"2016-08-10T00:00:00","modified_gmt":"2016-08-10T00:00:00","slug":"estado-ecuatoriano-cobro-638-millones-menos-de-lo-que-esperaba","status":"publish","type":"post","link":"https:\/\/www.ecuadortimes.net\/es\/estado-ecuatoriano-cobro-638-millones-menos-de-lo-que-esperaba\/","title":{"rendered":"Estado ecuatoriano cobr\u00f3 $ 638 millones menos de lo que esperaba"},"content":{"rendered":"<p>&nbsp;<\/p>\n<p style=\"text-align: justify;\"><img loading=\"lazy\" class=\"alignnone size-full wp-image-179867\" src=\"https:\/\/www.ecuadortimes.net\/es\/wp-content\/uploads\/2016\/08\/cobor-dinero-eEcuadortimes.jpg\" alt=\"cobor-dinero-eEcuadortimes\" width=\"615\" height=\"300\" \/><\/p>\n<p style=\"text-align: justify;\">La recaudaci\u00f3n tributaria del primer semestre de este a\u00f1o fue $ 638,96 millones menor a lo que se esperaba, de acuerdo con la publicaci\u00f3n del <strong>Servicio de Rentas Internas (SRI)<\/strong>. La meta oficial era recaudar de enero a junio pasado $ 7.190,96 millones, y lo que se obtuvo fue $ 6.552 millones.<\/p>\n<p style=\"text-align: justify;\">\n<p style=\"text-align: justify;\">Los impuestos que mayor ca\u00edda registraron, con respecto a la meta, fueron los impuestos al valor agregado (IVA) interno, a la renta (<strong>IR<\/strong>) y a la salida de divisas (<strong>ISD<\/strong>), junto con el <strong>IVA<\/strong> de las importaciones.<\/p>\n<p style=\"text-align: justify;\">\n<p style=\"text-align: justify;\">La baja en el IVA interno es del 16%, a pesar del incremento de ese impuesto del 12% al 14% que rige desde junio pasado por la Ley Solidaria que contempla contribuciones para enfrentar el terremoto de abril. Seg\u00fan las cifras del SRI, este impuesto se cay\u00f3 en $ 419,4 millones con respecto a lo esperado.<\/p>\n<p style=\"text-align: justify;\">\n<p style=\"text-align: justify;\">Lamentablemente \u0093comenta el presidente del <strong>Colegio de Economistas de Pichincha<\/strong>, V\u00edctor Hugo Alb\u00e1n\u0093 est\u00e1 ocurriendo lo que se ten\u00eda previsto: que a mayor IVA se producir\u00eda una contracci\u00f3n de las compras por parte de los consumidores. En su momento se le indic\u00f3 al Gobierno que no era oportuno el incremento de IVA. Adem\u00e1s considera que la apreciaci\u00f3n del d\u00f3lar y la devaluaci\u00f3n de las monedas en pa\u00edses vecinos ha hecho que miles de compradores adquieran productos en el exterior. El \u00faltimo fin de semana habr\u00edan salido 350.000 veh\u00edculos desde Ecuador a Ipiales y Pasto, indica. Para Alb\u00e1n esto afecta al comercio y las utilidades de las empresas, y por ende a la recaudaci\u00f3n tributaria. (I)<\/p>\n<p>&nbsp;<\/p>\n<p>Fuente: <a href=\"http:\/\/www.eluniverso.com\/noticias\/2016\/08\/10\/nota\/5735031\/estado-cobro-638-millones-menos-que-esperaba\">http:\/\/www.eluniverso.com\/noticias\/2016\/08\/10\/nota\/5735031\/estado-cobro-638-millones-menos-que-esperaba<\/a><\/p>\n\n","protected":false},"excerpt":{"rendered":"<p>&nbsp; La recaudaci\u00f3n tributaria del primer semestre de este a\u00f1o fue $ 638,96 millones menor a lo que se esperaba, de acuerdo con la publicaci\u00f3n del Servicio de Rentas Internas (SRI). La meta oficial era recaudar de enero a junio pasado $ 7.190,96 millones, y lo que se obtuvo fue $ 6.552 millones. Los impuestos que mayor ca\u00edda registraron, con respecto a la meta, fueron los impuestos al valor agregado (IVA) interno, a la renta (IR) y a la salida de divisas (ISD), junto con el IVA de las importaciones. La baja en el IVA interno es del 16%, a pesar del incremento de ese impuesto del 12% al 14% que rige desde junio pasado por la Ley Solidaria que contempla contribuciones para enfrentar el terremoto de abril. Seg\u00fan las cifras del SRI, este impuesto se cay\u00f3 en $ 419,4 millones con respecto a lo esperado. Lamentablemente \u0093comenta el presidente del Colegio de Economistas de Pichincha, V\u00edctor Hugo Alb\u00e1n\u0093 est\u00e1 ocurriendo lo que se ten\u00eda previsto: que a mayor IVA se producir\u00eda una contracci\u00f3n de las compras por parte de los consumidores. En su momento se le indic\u00f3 al Gobierno que no era oportuno el incremento de IVA. Adem\u00e1s considera que la apreciaci\u00f3n del d\u00f3lar y la devaluaci\u00f3n de las monedas en pa\u00edses vecinos ha hecho que miles de compradores adquieran productos en el exterior. El \u00faltimo fin de semana habr\u00edan salido 350.000 veh\u00edculos desde Ecuador a Ipiales y Pasto, indica. Para Alb\u00e1n esto afecta al comercio y las utilidades de las empresas, y por ende a la recaudaci\u00f3n tributaria. (I) &nbsp; Fuente: http:\/\/www.eluniverso.com\/noticias\/2016\/08\/10\/nota\/5735031\/estado-cobro-638-millones-menos-que-esperaba<\/p>\n","protected":false},"author":1,"featured_media":240471,"comment_status":"open","ping_status":"open","sticky":false,"template":"","format":"standard","meta":[],"categories":[43],"tags":[],"_links":{"self":[{"href":"https:\/\/www.ecuadortimes.net\/es\/wp-json\/wp\/v2\/posts\/240470"}],"collection":[{"href":"https:\/\/www.ecuadortimes.net\/es\/wp-json\/wp\/v2\/posts"}],"about":[{"href":"https:\/\/www.ecuadortimes.net\/es\/wp-json\/wp\/v2\/types\/post"}],"author":[{"embeddable":true,"href":"https:\/\/www.ecuadortimes.net\/es\/wp-json\/wp\/v2\/users\/1"}],"replies":[{"embeddable":true,"href":"https:\/\/www.ecuadortimes.net\/es\/wp-json\/wp\/v2\/comments?post=240470"}],"version-history":[{"count":0,"href":"https:\/\/www.ecuadortimes.net\/es\/wp-json\/wp\/v2\/posts\/240470\/revisions"}],"wp:featuredmedia":[{"embeddable":true,"href":"https:\/\/www.ecuadortimes.net\/es\/wp-json\/wp\/v2\/media\/240471"}],"wp:attachment":[{"href":"https:\/\/www.ecuadortimes.net\/es\/wp-json\/wp\/v2\/media?parent=240470"}],"wp:term":[{"taxonomy":"category","embeddable":true,"href":"https:\/\/www.ecuadortimes.net\/es\/wp-json\/wp\/v2\/categories?post=240470"},{"taxonomy":"post_tag","embeddable":true,"href":"https:\/\/www.ecuadortimes.net\/es\/wp-json\/wp\/v2\/tags?post=240470"}],"curies":[{"name":"wp","href":"https:\/\/api.w.org\/{rel}","templated":true}]}}