{"id":240495,"date":"2016-08-11T00:00:00","date_gmt":"2016-08-11T00:00:00","guid":{"rendered":"https:\/\/www.ecuadortimes.net\/es\/reforma-tributaria-atiende-reclamo-de-la-ue-sobre-ice-a-licores\/"},"modified":"2016-08-11T00:00:00","modified_gmt":"2016-08-11T00:00:00","slug":"reforma-tributaria-atiende-reclamo-de-la-ue-sobre-ice-a-licores","status":"publish","type":"post","link":"https:\/\/www.ecuadortimes.net\/es\/reforma-tributaria-atiende-reclamo-de-la-ue-sobre-ice-a-licores\/","title":{"rendered":"Reforma tributaria atiende reclamo de la UE sobre ICE a licores"},"content":{"rendered":"<p>&nbsp;<\/p>\n<p style=\"text-align: justify;\"><img loading=\"lazy\" class=\"alignnone size-full wp-image-179915\" src=\"https:\/\/www.ecuadortimes.net\/es\/wp-content\/uploads\/2016\/08\/REFORMAS-ICE-ECUADORTIMES.jpeg\" alt=\"REFORMAS ICE-ECUADORTIMES\" width=\"612\" height=\"340\" \/><\/p>\n<p style=\"text-align: justify;\">La reforma tributaria que se tramita actualmente en la Asamblea, con car\u00e1cter de urgente, busca restablecer las reglas para la importaci\u00f3n de productos gravados con el impuesto a los consumos especiales (ICE). Esto tiene dos objetivos: enviar una se\u00f1al a la Uni\u00f3n Europea para concretar el acuerdo comercial hasta fines de a\u00f1o y cumplir una demanda de la Asociaci\u00f3n Ecuatoriana de Importadores de Licores.<\/p>\n<p style=\"text-align: justify;\">\n<p style=\"text-align: justify;\">Desde finales del 2014, las empresas importadoras de licores han venido insistiendo en la necesidad de reformar el quinto inciso del art\u00edculo 76 de la Ley de R\u00e9gimen Tributario Interno, con el cual se alter\u00f3, desde inicios del a\u00f1o pasado, la base de c\u00e1lculo para los licores provenientes del exterior. Con la vigencia de la Ley Org\u00e1nica de Incentivos a la Producci\u00f3n y Prevenci\u00f3n del Fraude Fiscal, desde enero del 2015, se modific\u00f3 la definici\u00f3n del valor ex Aduana\u009d, sobre el cual se aplica los impuestos que pagan los consumidores como aranceles, IVA e ICE.<\/p>\n<p>&nbsp;<\/p>\n<p>Fuente: <a href=\"http:\/\/www.elcomercio.com\/actualidad\/reformatributaria-reclamo-unioneuropea-licores-ecuador.html\">http:\/\/www.elcomercio.com\/actualidad\/reformatributaria-reclamo-unioneuropea-licores-ecuador.html<\/a><\/p>\n","protected":false},"excerpt":{"rendered":"<p>&nbsp; La reforma tributaria que se tramita actualmente en la Asamblea, con car\u00e1cter de urgente, busca restablecer las reglas para la importaci\u00f3n de productos gravados con el impuesto a los consumos especiales (ICE). Esto tiene dos objetivos: enviar una se\u00f1al a la Uni\u00f3n Europea para concretar el acuerdo comercial hasta fines de a\u00f1o y cumplir una demanda de la Asociaci\u00f3n Ecuatoriana de Importadores de Licores. Desde finales del 2014, las empresas importadoras de licores han venido insistiendo en la necesidad de reformar el quinto inciso del art\u00edculo 76 de la Ley de R\u00e9gimen Tributario Interno, con el cual se alter\u00f3, desde inicios del a\u00f1o pasado, la base de c\u00e1lculo para los licores provenientes del exterior. Con la vigencia de la Ley Org\u00e1nica de Incentivos a la Producci\u00f3n y Prevenci\u00f3n del Fraude Fiscal, desde enero del 2015, se modific\u00f3 la definici\u00f3n del valor ex Aduana\u009d, sobre el cual se aplica los impuestos que pagan los consumidores como aranceles, IVA e ICE. &nbsp; Fuente: http:\/\/www.elcomercio.com\/actualidad\/reformatributaria-reclamo-unioneuropea-licores-ecuador.html<\/p>\n","protected":false},"author":1,"featured_media":240496,"comment_status":"open","ping_status":"open","sticky":false,"template":"","format":"standard","meta":[],"categories":[43],"tags":[],"_links":{"self":[{"href":"https:\/\/www.ecuadortimes.net\/es\/wp-json\/wp\/v2\/posts\/240495"}],"collection":[{"href":"https:\/\/www.ecuadortimes.net\/es\/wp-json\/wp\/v2\/posts"}],"about":[{"href":"https:\/\/www.ecuadortimes.net\/es\/wp-json\/wp\/v2\/types\/post"}],"author":[{"embeddable":true,"href":"https:\/\/www.ecuadortimes.net\/es\/wp-json\/wp\/v2\/users\/1"}],"replies":[{"embeddable":true,"href":"https:\/\/www.ecuadortimes.net\/es\/wp-json\/wp\/v2\/comments?post=240495"}],"version-history":[{"count":0,"href":"https:\/\/www.ecuadortimes.net\/es\/wp-json\/wp\/v2\/posts\/240495\/revisions"}],"wp:featuredmedia":[{"embeddable":true,"href":"https:\/\/www.ecuadortimes.net\/es\/wp-json\/wp\/v2\/media\/240496"}],"wp:attachment":[{"href":"https:\/\/www.ecuadortimes.net\/es\/wp-json\/wp\/v2\/media?parent=240495"}],"wp:term":[{"taxonomy":"category","embeddable":true,"href":"https:\/\/www.ecuadortimes.net\/es\/wp-json\/wp\/v2\/categories?post=240495"},{"taxonomy":"post_tag","embeddable":true,"href":"https:\/\/www.ecuadortimes.net\/es\/wp-json\/wp\/v2\/tags?post=240495"}],"curies":[{"name":"wp","href":"https:\/\/api.w.org\/{rel}","templated":true}]}}