{"id":240497,"date":"2016-08-15T00:00:00","date_gmt":"2016-08-15T00:00:00","guid":{"rendered":"https:\/\/www.ecuadortimes.net\/es\/a%c2%81lvaro-noboa-ponton-el-magnate-que-se-autodefine-como-centroizquierdista\/"},"modified":"2016-08-15T00:00:00","modified_gmt":"2016-08-15T00:00:00","slug":"a%c2%81lvaro-noboa-ponton-el-magnate-que-se-autodefine-como-centroizquierdista","status":"publish","type":"post","link":"https:\/\/www.ecuadortimes.net\/es\/a%c2%81lvaro-noboa-ponton-el-magnate-que-se-autodefine-como-centroizquierdista\/","title":{"rendered":"\u00c3\u0081lvaro Noboa Pont\u00f3n, el magnate que se autodefine como centroizquierdista"},"content":{"rendered":"<p><img loading=\"lazy\" class=\"alignnone size-large wp-image-179921\" src=\"https:\/\/www.ecuadortimes.net\/es\/wp-content\/uploads\/2016\/08\/ALVARO-NOBOA-ENTREVISTA-EL-TELEGRAFO-ECUADORTIMES-ECUADORNEWS-1024x483.jpg\" alt=\"ALVARO NOBOA-ENTREVISTA EL TELEGRAFO-ECUADORTIMES-ECUADORNEWS\" width=\"960\" height=\"453\" \/><\/p>\n<p>&nbsp;<\/p>\n<p style=\"text-align: justify;\">Est\u00e1 convencido de ser centroizquierdista y est\u00e1 dispuesto a unir a la oposici\u00f3n para enfrentar en las elecciones de 2017 al candidato del continuismo\u009d. De esta forma, el empresario guayaquile\u00f1o <strong>\u00c3\u0081lvaro Noboa Pont\u00f3n<\/strong> nuevamente busca un espacio en la pol\u00edtica, empujando ahora a su movimiento <strong>Adelante Ecuatoriano Adelante<\/strong>.<\/p>\n<p style=\"text-align: justify;\">\n<p style=\"text-align: justify;\">El silencio pol\u00edtico le dur\u00f3 cerca de 3 a\u00f1os, cuando desapareci\u00f3 su partido, el <strong>Prian<\/strong>, de los registros del <strong>Consejo Nacional Electoral<\/strong>. Solo en septiembre del a\u00f1o pasado tuvo una espor\u00e1dica aparici\u00f3n al protagonizar una marcha en Guayaquil contra el proyecto de <strong>Ley de Herencias<\/strong>.<\/p>\n<p style=\"text-align: justify;\">\n<p style=\"text-align: justify;\">\n<p style=\"text-align: justify;\">A su criterio, los problemas del pa\u00eds son pobreza, desempleo, falta de vivienda y salud, corrupci\u00f3n y alza de precio, debido a los impuestos, lo que hace que el sueldo m\u00ednimo no alcance ni para comer\u009d.<\/p>\n<p style=\"text-align: justify;\">\n<p style=\"text-align: justify;\">Esboza su intenci\u00f3n pol\u00edtica: la oposici\u00f3n tiene que dejar a un lado la vanidad y ponerse en una sola candidatura de renovaci\u00f3n; el actual gobierno tendr\u00e1 un candidato de continuismo, pero el opositor ser\u00e1 uno solo\u009d. Asegura que quiere ser quien una a esa oposici\u00f3n; voy a tratar\u009d, sostiene, e insiste en que en 1998 la izquierda vot\u00f3 por \u00e9l y no por Jamil Mahuad. Tanta certeza tiene que espera que todos, izquierda, centro y derecha se unan a m\u00ed, y estoy dispuesto a que si ellos no quieren que yo sea el candidato, sino otra persona, se los acepto\u009d. (I)<\/p>\n<p>&nbsp;<\/p>\n<p>Fuente: <a href=\"http:\/\/www.eltelegrafo.com.ec\/noticias\/politica\/2\/alvaro-noboa-ponton-el-magnate-que-se-autodefine-como-centroizquierdista\">http:\/\/www.eltelegrafo.com.ec\/noticias\/politica\/2\/alvaro-noboa-ponton-el-magnate-que-se-autodefine-como-centroizquierdista<\/a><\/p>\n","protected":false},"excerpt":{"rendered":"<p>&nbsp; Est\u00e1 convencido de ser centroizquierdista y est\u00e1 dispuesto a unir a la oposici\u00f3n para enfrentar en las elecciones de 2017 al candidato del continuismo\u009d. De esta forma, el empresario guayaquile\u00f1o \u00c3\u0081lvaro Noboa Pont\u00f3n nuevamente busca un espacio en la pol\u00edtica, empujando ahora a su movimiento Adelante Ecuatoriano Adelante. El silencio pol\u00edtico le dur\u00f3 cerca de 3 a\u00f1os, cuando desapareci\u00f3 su partido, el Prian, de los registros del Consejo Nacional Electoral. Solo en septiembre del a\u00f1o pasado tuvo una espor\u00e1dica aparici\u00f3n al protagonizar una marcha en Guayaquil contra el proyecto de Ley de Herencias. A su criterio, los problemas del pa\u00eds son pobreza, desempleo, falta de vivienda y salud, corrupci\u00f3n y alza de precio, debido a los impuestos, lo que hace que el sueldo m\u00ednimo no alcance ni para comer\u009d. Esboza su intenci\u00f3n pol\u00edtica: la oposici\u00f3n tiene que dejar a un lado la vanidad y ponerse en una sola candidatura de renovaci\u00f3n; el actual gobierno tendr\u00e1 un candidato de continuismo, pero el opositor ser\u00e1 uno solo\u009d. Asegura que quiere ser quien una a esa oposici\u00f3n; voy a tratar\u009d, sostiene, e insiste en que en 1998 la izquierda vot\u00f3 por \u00e9l y no por Jamil Mahuad. Tanta certeza tiene que espera que todos, izquierda, centro y derecha se unan a m\u00ed, y estoy dispuesto a que si ellos no quieren que yo sea el candidato, sino otra persona, se los acepto\u009d. (I) &nbsp; Fuente: http:\/\/www.eltelegrafo.com.ec\/noticias\/politica\/2\/alvaro-noboa-ponton-el-magnate-que-se-autodefine-como-centroizquierdista<\/p>\n","protected":false},"author":1,"featured_media":240498,"comment_status":"open","ping_status":"open","sticky":false,"template":"","format":"standard","meta":[],"categories":[54,40],"tags":[],"_links":{"self":[{"href":"https:\/\/www.ecuadortimes.net\/es\/wp-json\/wp\/v2\/posts\/240497"}],"collection":[{"href":"https:\/\/www.ecuadortimes.net\/es\/wp-json\/wp\/v2\/posts"}],"about":[{"href":"https:\/\/www.ecuadortimes.net\/es\/wp-json\/wp\/v2\/types\/post"}],"author":[{"embeddable":true,"href":"https:\/\/www.ecuadortimes.net\/es\/wp-json\/wp\/v2\/users\/1"}],"replies":[{"embeddable":true,"href":"https:\/\/www.ecuadortimes.net\/es\/wp-json\/wp\/v2\/comments?post=240497"}],"version-history":[{"count":0,"href":"https:\/\/www.ecuadortimes.net\/es\/wp-json\/wp\/v2\/posts\/240497\/revisions"}],"wp:featuredmedia":[{"embeddable":true,"href":"https:\/\/www.ecuadortimes.net\/es\/wp-json\/wp\/v2\/media\/240498"}],"wp:attachment":[{"href":"https:\/\/www.ecuadortimes.net\/es\/wp-json\/wp\/v2\/media?parent=240497"}],"wp:term":[{"taxonomy":"category","embeddable":true,"href":"https:\/\/www.ecuadortimes.net\/es\/wp-json\/wp\/v2\/categories?post=240497"},{"taxonomy":"post_tag","embeddable":true,"href":"https:\/\/www.ecuadortimes.net\/es\/wp-json\/wp\/v2\/tags?post=240497"}],"curies":[{"name":"wp","href":"https:\/\/api.w.org\/{rel}","templated":true}]}}