{"id":240505,"date":"2016-08-15T00:00:00","date_gmt":"2016-08-15T00:00:00","guid":{"rendered":"https:\/\/www.ecuadortimes.net\/es\/comerciantes-y-consumidores-viven-un-momento-complejo-en-ecuador\/"},"modified":"2016-08-15T00:00:00","modified_gmt":"2016-08-15T00:00:00","slug":"comerciantes-y-consumidores-viven-un-momento-complejo-en-ecuador","status":"publish","type":"post","link":"https:\/\/www.ecuadortimes.net\/es\/comerciantes-y-consumidores-viven-un-momento-complejo-en-ecuador\/","title":{"rendered":"Comerciantes y consumidores viven un momento complejo en Ecuador"},"content":{"rendered":"<p>&nbsp;<\/p>\n<p style=\"text-align: justify;\"><img loading=\"lazy\" class=\"alignnone size-full wp-image-179937\" src=\"https:\/\/www.ecuadortimes.net\/es\/wp-content\/uploads\/2016\/08\/Captura-de-pantalla-2016-08-15-a-las-11.44.00-a.m..png\" alt=\"Captura de pantalla 2016-08-15 a las 11.44.00 a.m.\" width=\"781\" height=\"524\" \/><\/p>\n<p style=\"text-align: justify;\">La C\u00e1mara de Comercio de Quito calcula \u0093basado en datos de la Superintendencia de Compa\u00f1\u00edas\u0093 que 6.532 empresas han entrado en proceso de cierre de enero a junio de este a\u00f1o. En 2015 fueron 1.528. Esto se da en un pa\u00eds en el que, seg\u00fan los reportes de este a\u00f1o del \u00c3\u008dndice de Precios al Consumidor, los costos subieron un 49% durante la \u00faltima d\u00e9cada.<\/p>\n<p style=\"text-align: justify;\">\n<p style=\"text-align: justify;\">Aunque la opini\u00f3n de los ciudadanos a la hora de hacer compras es de que aumentaron el doble. Hace diez a\u00f1os, un supermercado promocionaba en la prensa productos como 2 kg de arroz o una lata de at\u00fan de 175 g, cuyos costos pasaron de $ 1,25 y $ 0,63 a $ 2,67 y $ 1,30, respectivamente. Por ejemplo, en ese tiempo el valor de una casa de tres dormitorios al interior de una urbanizaci\u00f3n costaba unos $ 70.000 y hoy vale desde $ 150.000. (I)<\/p>\n<p>&nbsp;<\/p>\n<p>Fuente: <a href=\"http:\/\/www.eluniverso.com\/noticias\/2016\/08\/14\/nota\/5741136\/comerciantes-consumidores-viven-momento-complejo\">http:\/\/www.eluniverso.com\/noticias\/2016\/08\/14\/nota\/5741136\/comerciantes-consumidores-viven-momento-complejo<\/a><\/p>\n","protected":false},"excerpt":{"rendered":"<p>&nbsp; La C\u00e1mara de Comercio de Quito calcula \u0093basado en datos de la Superintendencia de Compa\u00f1\u00edas\u0093 que 6.532 empresas han entrado en proceso de cierre de enero a junio de este a\u00f1o. En 2015 fueron 1.528. Esto se da en un pa\u00eds en el que, seg\u00fan los reportes de este a\u00f1o del \u00c3\u008dndice de Precios al Consumidor, los costos subieron un 49% durante la \u00faltima d\u00e9cada. Aunque la opini\u00f3n de los ciudadanos a la hora de hacer compras es de que aumentaron el doble. Hace diez a\u00f1os, un supermercado promocionaba en la prensa productos como 2 kg de arroz o una lata de at\u00fan de 175 g, cuyos costos pasaron de $ 1,25 y $ 0,63 a $ 2,67 y $ 1,30, respectivamente. Por ejemplo, en ese tiempo el valor de una casa de tres dormitorios al interior de una urbanizaci\u00f3n costaba unos $ 70.000 y hoy vale desde $ 150.000. (I) &nbsp; Fuente: http:\/\/www.eluniverso.com\/noticias\/2016\/08\/14\/nota\/5741136\/comerciantes-consumidores-viven-momento-complejo<\/p>\n","protected":false},"author":1,"featured_media":0,"comment_status":"open","ping_status":"open","sticky":false,"template":"","format":"standard","meta":[],"categories":[54,43],"tags":[],"_links":{"self":[{"href":"https:\/\/www.ecuadortimes.net\/es\/wp-json\/wp\/v2\/posts\/240505"}],"collection":[{"href":"https:\/\/www.ecuadortimes.net\/es\/wp-json\/wp\/v2\/posts"}],"about":[{"href":"https:\/\/www.ecuadortimes.net\/es\/wp-json\/wp\/v2\/types\/post"}],"author":[{"embeddable":true,"href":"https:\/\/www.ecuadortimes.net\/es\/wp-json\/wp\/v2\/users\/1"}],"replies":[{"embeddable":true,"href":"https:\/\/www.ecuadortimes.net\/es\/wp-json\/wp\/v2\/comments?post=240505"}],"version-history":[{"count":0,"href":"https:\/\/www.ecuadortimes.net\/es\/wp-json\/wp\/v2\/posts\/240505\/revisions"}],"wp:attachment":[{"href":"https:\/\/www.ecuadortimes.net\/es\/wp-json\/wp\/v2\/media?parent=240505"}],"wp:term":[{"taxonomy":"category","embeddable":true,"href":"https:\/\/www.ecuadortimes.net\/es\/wp-json\/wp\/v2\/categories?post=240505"},{"taxonomy":"post_tag","embeddable":true,"href":"https:\/\/www.ecuadortimes.net\/es\/wp-json\/wp\/v2\/tags?post=240505"}],"curies":[{"name":"wp","href":"https:\/\/api.w.org\/{rel}","templated":true}]}}