{"id":240512,"date":"2016-08-15T00:00:00","date_gmt":"2016-08-15T00:00:00","guid":{"rendered":"https:\/\/www.ecuadortimes.net\/es\/ecuador-reporta-11-casos-de-agresiones-sexuales-cada-dia\/"},"modified":"2016-08-15T00:00:00","modified_gmt":"2016-08-15T00:00:00","slug":"ecuador-reporta-11-casos-de-agresiones-sexuales-cada-dia","status":"publish","type":"post","link":"https:\/\/www.ecuadortimes.net\/es\/ecuador-reporta-11-casos-de-agresiones-sexuales-cada-dia\/","title":{"rendered":"Ecuador reporta 11 casos de agresiones sexuales cada d\u00eda"},"content":{"rendered":"<p>&nbsp;<\/p>\n<p style=\"text-align: justify;\"><img loading=\"lazy\" class=\"size-full wp-image-179955 aligncenter\" src=\"https:\/\/www.ecuadortimes.net\/es\/wp-content\/uploads\/2016\/08\/ECUADOR-ECUADORTIMES-.jpeg\" alt=\"ECUADOR-ECUADORTIMES-\" width=\"612\" height=\"340\" \/><\/p>\n<p style=\"text-align: justify;\">Llanto excesivo, insomnio, ansiedad, depresi\u00f3n, estr\u00e9s postraum\u00e1tico, falta de apetito o sentimientos de culpa son algunos s\u00edntomas que experimentan las v\u00edctimas de ataques sexuales, advierte un estudio de la Organizaci\u00f3n Mundial de la Salud (OMS).<\/p>\n<p style=\"text-align: justify;\">Esto lo corrobora Anabel J\u00e1come, psic\u00f3loga y perita de la Fiscal\u00eda de Pichincha. Hace una semana, la especialista atendi\u00f3 a una chica de 21 a\u00f1os, violentada por un amigo.<\/p>\n<p style=\"text-align: justify;\">La joven apareci\u00f3 en la unidad judicial con la nariz rota, ropa que no era suya y con golpes. Ah\u00ed relat\u00f3 que escap\u00f3 de la casa del agresor, luego de permanecer 12 horas cautiva.<\/p>\n<p style=\"text-align: justify;\">El sospechoso at\u00f3 sus brazos<\/p>\n<p style=\"text-align: justify;\">y piernas, y la amenaz\u00f3 con matarla mientras la ultrajaba. La<\/p>\n<p style=\"text-align: justify;\">experta la calm\u00f3 y llam\u00f3 a sus padres; quedaron en \u0098shock\u0099.<\/p>\n<p style=\"text-align: justify;\">Los familiares de las v\u00edctimas tambi\u00e9n est\u00e1n expuestos a secuelas emocionales.<\/p>\n<p>Luz, por ejemplo, ya no es la misma de antes. La agresi\u00f3n y muerte de su hija de 4 a\u00f1os le dej\u00f3 heridas dif\u00edciles de sanar. (I)<\/p>\n<p>&nbsp;<\/p>\n<p>Fuente: <a href=\"http:\/\/www.elcomercio.com\/actualidad\/ecuador-reporta-agresiones-sexuales-diario.html\">http:\/\/www.elcomercio.com\/actualidad\/ecuador-reporta-agresiones-sexuales-diario.html<\/a><\/p>\n","protected":false},"excerpt":{"rendered":"<p>&nbsp; Llanto excesivo, insomnio, ansiedad, depresi\u00f3n, estr\u00e9s postraum\u00e1tico, falta de apetito o sentimientos de culpa son algunos s\u00edntomas que experimentan las v\u00edctimas de ataques sexuales, advierte un estudio de la Organizaci\u00f3n Mundial de la Salud (OMS). Esto lo corrobora Anabel J\u00e1come, psic\u00f3loga y perita de la Fiscal\u00eda de Pichincha. Hace una semana, la especialista atendi\u00f3 a una chica de 21 a\u00f1os, violentada por un amigo. La joven apareci\u00f3 en la unidad judicial con la nariz rota, ropa que no era suya y con golpes. Ah\u00ed relat\u00f3 que escap\u00f3 de la casa del agresor, luego de permanecer 12 horas cautiva. El sospechoso at\u00f3 sus brazos y piernas, y la amenaz\u00f3 con matarla mientras la ultrajaba. La experta la calm\u00f3 y llam\u00f3 a sus padres; quedaron en \u0098shock\u0099. Los familiares de las v\u00edctimas tambi\u00e9n est\u00e1n expuestos a secuelas emocionales. Luz, por ejemplo, ya no es la misma de antes. La agresi\u00f3n y muerte de su hija de 4 a\u00f1os le dej\u00f3 heridas dif\u00edciles de sanar. (I) &nbsp; Fuente: http:\/\/www.elcomercio.com\/actualidad\/ecuador-reporta-agresiones-sexuales-diario.html<\/p>\n","protected":false},"author":1,"featured_media":240513,"comment_status":"open","ping_status":"open","sticky":false,"template":"","format":"standard","meta":[],"categories":[35],"tags":[],"_links":{"self":[{"href":"https:\/\/www.ecuadortimes.net\/es\/wp-json\/wp\/v2\/posts\/240512"}],"collection":[{"href":"https:\/\/www.ecuadortimes.net\/es\/wp-json\/wp\/v2\/posts"}],"about":[{"href":"https:\/\/www.ecuadortimes.net\/es\/wp-json\/wp\/v2\/types\/post"}],"author":[{"embeddable":true,"href":"https:\/\/www.ecuadortimes.net\/es\/wp-json\/wp\/v2\/users\/1"}],"replies":[{"embeddable":true,"href":"https:\/\/www.ecuadortimes.net\/es\/wp-json\/wp\/v2\/comments?post=240512"}],"version-history":[{"count":0,"href":"https:\/\/www.ecuadortimes.net\/es\/wp-json\/wp\/v2\/posts\/240512\/revisions"}],"wp:featuredmedia":[{"embeddable":true,"href":"https:\/\/www.ecuadortimes.net\/es\/wp-json\/wp\/v2\/media\/240513"}],"wp:attachment":[{"href":"https:\/\/www.ecuadortimes.net\/es\/wp-json\/wp\/v2\/media?parent=240512"}],"wp:term":[{"taxonomy":"category","embeddable":true,"href":"https:\/\/www.ecuadortimes.net\/es\/wp-json\/wp\/v2\/categories?post=240512"},{"taxonomy":"post_tag","embeddable":true,"href":"https:\/\/www.ecuadortimes.net\/es\/wp-json\/wp\/v2\/tags?post=240512"}],"curies":[{"name":"wp","href":"https:\/\/api.w.org\/{rel}","templated":true}]}}