{"id":240535,"date":"2016-08-16T00:00:00","date_gmt":"2016-08-16T00:00:00","guid":{"rendered":"https:\/\/www.ecuadortimes.net\/es\/diversidad-hotelera-de-ecuador-destaca-en-los-world-travel-awards\/"},"modified":"2016-08-16T00:00:00","modified_gmt":"2016-08-16T00:00:00","slug":"diversidad-hotelera-de-ecuador-destaca-en-los-world-travel-awards","status":"publish","type":"post","link":"https:\/\/www.ecuadortimes.net\/es\/diversidad-hotelera-de-ecuador-destaca-en-los-world-travel-awards\/","title":{"rendered":"Diversidad hotelera de Ecuador destaca en los World Travel Awards"},"content":{"rendered":"<p><img loading=\"lazy\" class=\"alignnone size-full wp-image-180001\" src=\"https:\/\/www.ecuadortimes.net\/es\/wp-content\/uploads\/2016\/08\/Captura-de-pantalla-2016-08-16-a-las-1.26.27-p.m..png\" alt=\"Captura de pantalla 2016-08-16 a las 1.26.27 p.m.\" width=\"772\" height=\"500\" \/><\/p>\n<p style=\"text-align: justify;\">Preservar la naturaleza, el estilo cl\u00e1sico colonial y sin dejar atr\u00e1s los avances tecnol\u00f3gicos fueron los giros de negocios aplicados al turismo por los hoteles Casa Gangotena, Masphi Lodge y Finch Bay Eco Hotel, por lo que fueron premiados en el <strong>World Travel Awards<\/strong> (WTA).<\/p>\n<p style=\"text-align: justify;\">\n<p style=\"text-align: justify;\">Son ocho negocios hoteleros del pa\u00eds galardonados en la 23\u00aa edici\u00f3n regional del certamen, que se efectu\u00f3 en Lima, en julio. Tambi\u00e9n destacan Oro Verde, Swiss\u00c3\u00b4tel y el Casa Grande de Quito, Arash\u00e1 Tropical Resort &amp; Spa y Termas de Papallacta, cerca de la capital.<\/p>\n<p style=\"text-align: justify;\">\n<p style=\"text-align: justify;\">Los gerentes de algunos de ellos hablan del proceso que los llev\u00f3 a ser reconocidos a nivel nacional e internacional. (I)<\/p>\n<p>&nbsp;<\/p>\n<p>Fuente: <a href=\"http:\/\/www.eluniverso.com\/noticias\/2016\/08\/16\/nota\/5745321\/diversidad-hotelera-pais-destaca-evento\">http:\/\/www.eluniverso.com\/noticias\/2016\/08\/16\/nota\/5745321\/diversidad-hotelera-pais-destaca-evento<\/a><\/p>\n<p>&nbsp;<\/p>\n<p>&nbsp;<\/p>\n","protected":false},"excerpt":{"rendered":"<p>Preservar la naturaleza, el estilo cl\u00e1sico colonial y sin dejar atr\u00e1s los avances tecnol\u00f3gicos fueron los giros de negocios aplicados al turismo por los hoteles Casa Gangotena, Masphi Lodge y Finch Bay Eco Hotel, por lo que fueron premiados en el World Travel Awards (WTA). Son ocho negocios hoteleros del pa\u00eds galardonados en la 23\u00aa edici\u00f3n regional del certamen, que se efectu\u00f3 en Lima, en julio. Tambi\u00e9n destacan Oro Verde, Swiss\u00c3\u00b4tel y el Casa Grande de Quito, Arash\u00e1 Tropical Resort &amp; Spa y Termas de Papallacta, cerca de la capital. Los gerentes de algunos de ellos hablan del proceso que los llev\u00f3 a ser reconocidos a nivel nacional e internacional. (I) &nbsp; Fuente: http:\/\/www.eluniverso.com\/noticias\/2016\/08\/16\/nota\/5745321\/diversidad-hotelera-pais-destaca-evento &nbsp; &nbsp;<\/p>\n","protected":false},"author":1,"featured_media":0,"comment_status":"open","ping_status":"open","sticky":false,"template":"","format":"standard","meta":[],"categories":[47],"tags":[],"_links":{"self":[{"href":"https:\/\/www.ecuadortimes.net\/es\/wp-json\/wp\/v2\/posts\/240535"}],"collection":[{"href":"https:\/\/www.ecuadortimes.net\/es\/wp-json\/wp\/v2\/posts"}],"about":[{"href":"https:\/\/www.ecuadortimes.net\/es\/wp-json\/wp\/v2\/types\/post"}],"author":[{"embeddable":true,"href":"https:\/\/www.ecuadortimes.net\/es\/wp-json\/wp\/v2\/users\/1"}],"replies":[{"embeddable":true,"href":"https:\/\/www.ecuadortimes.net\/es\/wp-json\/wp\/v2\/comments?post=240535"}],"version-history":[{"count":0,"href":"https:\/\/www.ecuadortimes.net\/es\/wp-json\/wp\/v2\/posts\/240535\/revisions"}],"wp:attachment":[{"href":"https:\/\/www.ecuadortimes.net\/es\/wp-json\/wp\/v2\/media?parent=240535"}],"wp:term":[{"taxonomy":"category","embeddable":true,"href":"https:\/\/www.ecuadortimes.net\/es\/wp-json\/wp\/v2\/categories?post=240535"},{"taxonomy":"post_tag","embeddable":true,"href":"https:\/\/www.ecuadortimes.net\/es\/wp-json\/wp\/v2\/tags?post=240535"}],"curies":[{"name":"wp","href":"https:\/\/api.w.org\/{rel}","templated":true}]}}