{"id":240701,"date":"2016-08-29T00:00:00","date_gmt":"2016-08-29T00:00:00","guid":{"rendered":"https:\/\/www.ecuadortimes.net\/es\/jueza-acepta-demanda-interpuesta-por-rafael-correa-contra-cinco-oficiales-de-la-marina\/"},"modified":"2016-08-29T00:00:00","modified_gmt":"2016-08-29T00:00:00","slug":"jueza-acepta-demanda-interpuesta-por-rafael-correa-contra-cinco-oficiales-de-la-marina","status":"publish","type":"post","link":"https:\/\/www.ecuadortimes.net\/es\/jueza-acepta-demanda-interpuesta-por-rafael-correa-contra-cinco-oficiales-de-la-marina\/","title":{"rendered":"Jueza acepta demanda interpuesta por Rafael Correa contra cinco oficiales de la Marina"},"content":{"rendered":"<p>&nbsp;<\/p>\n<p style=\"text-align: justify;\"><img loading=\"lazy\" class=\"size-full wp-image-180348 alignright\" src=\"https:\/\/www.ecuadortimes.net\/es\/wp-content\/uploads\/2016\/08\/Captura-de-pantalla-2016-08-29-a-las-9.15.30-a.m..png\" alt=\"Captura de pantalla 2016-08-29 a las 9.15.30 a.m.\" width=\"502\" height=\"564\" \/><\/p>\n<p style=\"text-align: justify;\">La jueza Alexandra P\u00e9rez Mayorga acept\u00f3 la demanda interpuesta por <strong>Rafael Correa<\/strong> contra cinco oficiales de la Marina que inadmitieron el tr\u00e1mite del proceso disciplinario en contra del capit\u00e1n de corbeta Edwin Ortega, y dispuso la suspensi\u00f3n del fallo de los uniformados.<\/p>\n<p style=\"text-align: justify;\">\n<p style=\"text-align: justify;\">El pr\u00f3ximo mi\u00e9rcoles 31 de agosto, a las 15:00, se realizar\u00e1 la audiencia en el caso de la demanda interpuesta por el presidente de la Rep\u00fablica, Rafael Correa, en contra de los cinco uniformados de la Marina. La jueza acept\u00f3 la demanda interpuesta por el mandatario el pasado 26 de agosto.<\/p>\n<p style=\"text-align: justify;\">\n<p style=\"text-align: justify;\">Juan Vizueta, abogado del capit\u00e1n Ortega, hizo p\u00fablica la decisi\u00f3n de la jueza P\u00e9rez Mayorga, a trav\u00e9s de su cuenta Twitter. (I)<\/p>\n<p>Fuente: <a href=\"http:\/\/www.eluniverso.com\/noticias\/2016\/08\/28\/nota\/5770560\/jueza-acepta-demanda-interpuesta-rafael-correa-contra-cinco\">http:\/\/www.eluniverso.com\/noticias\/2016\/08\/28\/nota\/5770560\/jueza-acepta-demanda-interpuesta-rafael-correa-contra-cinco<\/a><\/p>\n","protected":false},"excerpt":{"rendered":"<p>&nbsp; La jueza Alexandra P\u00e9rez Mayorga acept\u00f3 la demanda interpuesta por Rafael Correa contra cinco oficiales de la Marina que inadmitieron el tr\u00e1mite del proceso disciplinario en contra del capit\u00e1n de corbeta Edwin Ortega, y dispuso la suspensi\u00f3n del fallo de los uniformados. El pr\u00f3ximo mi\u00e9rcoles 31 de agosto, a las 15:00, se realizar\u00e1 la audiencia en el caso de la demanda interpuesta por el presidente de la Rep\u00fablica, Rafael Correa, en contra de los cinco uniformados de la Marina. La jueza acept\u00f3 la demanda interpuesta por el mandatario el pasado 26 de agosto. Juan Vizueta, abogado del capit\u00e1n Ortega, hizo p\u00fablica la decisi\u00f3n de la jueza P\u00e9rez Mayorga, a trav\u00e9s de su cuenta Twitter. (I) Fuente: http:\/\/www.eluniverso.com\/noticias\/2016\/08\/28\/nota\/5770560\/jueza-acepta-demanda-interpuesta-rafael-correa-contra-cinco<\/p>\n","protected":false},"author":1,"featured_media":0,"comment_status":"open","ping_status":"open","sticky":false,"template":"","format":"standard","meta":[],"categories":[54,40],"tags":[],"_links":{"self":[{"href":"https:\/\/www.ecuadortimes.net\/es\/wp-json\/wp\/v2\/posts\/240701"}],"collection":[{"href":"https:\/\/www.ecuadortimes.net\/es\/wp-json\/wp\/v2\/posts"}],"about":[{"href":"https:\/\/www.ecuadortimes.net\/es\/wp-json\/wp\/v2\/types\/post"}],"author":[{"embeddable":true,"href":"https:\/\/www.ecuadortimes.net\/es\/wp-json\/wp\/v2\/users\/1"}],"replies":[{"embeddable":true,"href":"https:\/\/www.ecuadortimes.net\/es\/wp-json\/wp\/v2\/comments?post=240701"}],"version-history":[{"count":0,"href":"https:\/\/www.ecuadortimes.net\/es\/wp-json\/wp\/v2\/posts\/240701\/revisions"}],"wp:attachment":[{"href":"https:\/\/www.ecuadortimes.net\/es\/wp-json\/wp\/v2\/media?parent=240701"}],"wp:term":[{"taxonomy":"category","embeddable":true,"href":"https:\/\/www.ecuadortimes.net\/es\/wp-json\/wp\/v2\/categories?post=240701"},{"taxonomy":"post_tag","embeddable":true,"href":"https:\/\/www.ecuadortimes.net\/es\/wp-json\/wp\/v2\/tags?post=240701"}],"curies":[{"name":"wp","href":"https:\/\/api.w.org\/{rel}","templated":true}]}}