{"id":240702,"date":"2016-08-29T00:00:00","date_gmt":"2016-08-29T00:00:00","guid":{"rendered":"https:\/\/www.ecuadortimes.net\/es\/los-militares-apresuran-sus-salidas-por-las-reformas-al-issfa\/"},"modified":"2016-08-29T00:00:00","modified_gmt":"2016-08-29T00:00:00","slug":"los-militares-apresuran-sus-salidas-por-las-reformas-al-issfa","status":"publish","type":"post","link":"https:\/\/www.ecuadortimes.net\/es\/los-militares-apresuran-sus-salidas-por-las-reformas-al-issfa\/","title":{"rendered":"Los militares apresuran sus salidas por las reformas al ISSFA"},"content":{"rendered":"<p>&nbsp;<\/p>\n<p><img loading=\"lazy\" class=\"size-full wp-image-180358 aligncenter\" src=\"https:\/\/www.ecuadortimes.net\/es\/wp-content\/uploads\/2016\/08\/MILITARES-ECUADORTIMES.jpeg\" alt=\"MILITARES-ECUADORTIMES\" width=\"612\" height=\"340\" \/><\/p>\n<p style=\"text-align: justify;\">No quiero que mi pensi\u00f3n se afecte; por eso, antes de que aprueben las nuevas reglas, me voy\u009d, confes\u00f3 un militar a Diario El Comercio son las reformas a la <strong>Ley de Seguridad Social<\/strong>. Lo mismo piensan tres de sus compa\u00f1eros que tambi\u00e9n est\u00e1n apresurando su salida. Uno de ellos dijo que quiere asegurar la pensi\u00f3n de retiro\u009d, pues con los cambios normativos el c\u00e1lculo para fijar el monto de la jubilaci\u00f3n cambiar\u00eda. La iniciativa plantea que se calcule sobre un promedio de los 60 mejores sueldos. Actual\u00admente, ese valor se obtiene del \u00faltimo salario que gana el uniformado como activo.<\/p>\n<p style=\"text-align: justify;\">\n<p style=\"text-align: justify;\">Las autoridades militares conocen de estas solicitudes. De hecho Luis Castro, comandante del Ej\u00e9rcito, ya alert\u00f3 p\u00fablicamente que esto pod\u00eda ocurrir. El jefe militar dijo -en su discurso del 10 de agosto, en el que pidi\u00f3 que las reformas fuesen archivadas de no existir un consenso- que hac\u00eda esa petici\u00f3n por el bienestar de la instituci\u00f3n\u009d y para que la seguridad nacional no se vea afectada por una masiva y prematura salida\u009d de los soldados.<\/p>\n<p style=\"text-align: justify;\">\n<p style=\"text-align: justify;\">El proyecto del Ejecutivo tambi\u00e9n plantea cambios en el aumento de las pensiones y en los a\u00f1os de servicio. En el Seguro Militar (Issfa) tambi\u00e9n se analiz\u00f3 la salida de uniformados, y se tom\u00f3 el discurso de Castro como un mensaje para tranquilizar a las tropas. As\u00ed lo se\u00f1ala Bol\u00edvar Silva, representante de los oficiales en el Directorio del Issfa. El jueves, el Vocal del Seguro Militar dec\u00eda que la salida de soldados por las reformas es un tema que preocupa\u009d. Incluso se\u00f1ala que los comandantes de cada Fuerza han visitado repartos militares para hablar con las tropas y persuadirles para que se queden. (I)<\/p>\n<p>&nbsp;<\/p>\n<p>Fuente: <a href=\"http:\/\/www.elcomercio.com\/actualidad\/militares-apresuran-salidas-reformas-issfa.html\">http:\/\/www.elcomercio.com\/actualidad\/militares-apresuran-salidas-reformas-issfa.html<\/a><\/p>\n<p>&nbsp;<\/p>\n<p>&nbsp;<\/p>\n<p>&nbsp;<\/p>\n<p>&nbsp;<\/p>\n<p>&nbsp;<\/p>\n","protected":false},"excerpt":{"rendered":"<p>&nbsp; No quiero que mi pensi\u00f3n se afecte; por eso, antes de que aprueben las nuevas reglas, me voy\u009d, confes\u00f3 un militar a Diario El Comercio son las reformas a la Ley de Seguridad Social. Lo mismo piensan tres de sus compa\u00f1eros que tambi\u00e9n est\u00e1n apresurando su salida. Uno de ellos dijo que quiere asegurar la pensi\u00f3n de retiro\u009d, pues con los cambios normativos el c\u00e1lculo para fijar el monto de la jubilaci\u00f3n cambiar\u00eda. La iniciativa plantea que se calcule sobre un promedio de los 60 mejores sueldos. Actual\u00admente, ese valor se obtiene del \u00faltimo salario que gana el uniformado como activo. Las autoridades militares conocen de estas solicitudes. De hecho Luis Castro, comandante del Ej\u00e9rcito, ya alert\u00f3 p\u00fablicamente que esto pod\u00eda ocurrir. El jefe militar dijo -en su discurso del 10 de agosto, en el que pidi\u00f3 que las reformas fuesen archivadas de no existir un consenso- que hac\u00eda esa petici\u00f3n por el bienestar de la instituci\u00f3n\u009d y para que la seguridad nacional no se vea afectada por una masiva y prematura salida\u009d de los soldados. El proyecto del Ejecutivo tambi\u00e9n plantea cambios en el aumento de las pensiones y en los a\u00f1os de servicio. En el Seguro Militar (Issfa) tambi\u00e9n se analiz\u00f3 la salida de uniformados, y se tom\u00f3 el discurso de Castro como un mensaje para tranquilizar a las tropas. As\u00ed lo se\u00f1ala Bol\u00edvar Silva, representante de los oficiales en el Directorio del Issfa. El jueves, el Vocal del Seguro Militar dec\u00eda que la salida de soldados por las reformas es un tema que preocupa\u009d. Incluso se\u00f1ala que los comandantes de cada Fuerza han visitado repartos militares para hablar con las tropas y persuadirles para que se queden. (I) &nbsp; Fuente: http:\/\/www.elcomercio.com\/actualidad\/militares-apresuran-salidas-reformas-issfa.html &nbsp; &nbsp; &nbsp; &nbsp; &nbsp;<\/p>\n","protected":false},"author":1,"featured_media":240703,"comment_status":"open","ping_status":"open","sticky":false,"template":"","format":"standard","meta":[],"categories":[54,40],"tags":[],"_links":{"self":[{"href":"https:\/\/www.ecuadortimes.net\/es\/wp-json\/wp\/v2\/posts\/240702"}],"collection":[{"href":"https:\/\/www.ecuadortimes.net\/es\/wp-json\/wp\/v2\/posts"}],"about":[{"href":"https:\/\/www.ecuadortimes.net\/es\/wp-json\/wp\/v2\/types\/post"}],"author":[{"embeddable":true,"href":"https:\/\/www.ecuadortimes.net\/es\/wp-json\/wp\/v2\/users\/1"}],"replies":[{"embeddable":true,"href":"https:\/\/www.ecuadortimes.net\/es\/wp-json\/wp\/v2\/comments?post=240702"}],"version-history":[{"count":0,"href":"https:\/\/www.ecuadortimes.net\/es\/wp-json\/wp\/v2\/posts\/240702\/revisions"}],"wp:featuredmedia":[{"embeddable":true,"href":"https:\/\/www.ecuadortimes.net\/es\/wp-json\/wp\/v2\/media\/240703"}],"wp:attachment":[{"href":"https:\/\/www.ecuadortimes.net\/es\/wp-json\/wp\/v2\/media?parent=240702"}],"wp:term":[{"taxonomy":"category","embeddable":true,"href":"https:\/\/www.ecuadortimes.net\/es\/wp-json\/wp\/v2\/categories?post=240702"},{"taxonomy":"post_tag","embeddable":true,"href":"https:\/\/www.ecuadortimes.net\/es\/wp-json\/wp\/v2\/tags?post=240702"}],"curies":[{"name":"wp","href":"https:\/\/api.w.org\/{rel}","templated":true}]}}