{"id":240713,"date":"2016-08-29T00:00:00","date_gmt":"2016-08-29T00:00:00","guid":{"rendered":"https:\/\/www.ecuadortimes.net\/es\/avistamiento-de-ballenas-en-galapagos-impulsa-implementacion-de-protocolos\/"},"modified":"2016-08-29T00:00:00","modified_gmt":"2016-08-29T00:00:00","slug":"avistamiento-de-ballenas-en-galapagos-impulsa-implementacion-de-protocolos","status":"publish","type":"post","link":"https:\/\/www.ecuadortimes.net\/es\/avistamiento-de-ballenas-en-galapagos-impulsa-implementacion-de-protocolos\/","title":{"rendered":"Avistamiento de ballenas en Gal\u00e1pagos impulsa implementaci\u00f3n de protocolos"},"content":{"rendered":"<p>&nbsp;<\/p>\n<p style=\"text-align: justify;\"><img loading=\"lazy\" class=\"alignnone size-full wp-image-180379\" src=\"https:\/\/www.ecuadortimes.net\/es\/wp-content\/uploads\/2016\/08\/orcapng.jpg\" alt=\"orcapng\" width=\"801\" height=\"364\" \/><\/p>\n<p style=\"text-align: justify;\">Orcas, cachalotes, ballenas jorobadas, entre otras especies de cet\u00e1ceos, incluyen la Reserva Marina de Gal\u00e1pagos en sus rutas migratorias. Hecho que despierta mayor inter\u00e9s tur\u00edstico y cient\u00edfico en este santuario de ballenas.<\/p>\n<p style=\"text-align: justify;\">\n<p style=\"text-align: justify;\">Este s\u00e1bado, el PNG public\u00f3 en sus redes sociales que la alta presencia de estas especies durante esta temporada ha impulsado que se retome la implementaci\u00f3n de &#8220;protocolos de buenas pr\u00e1cticas para la observaci\u00f3n de ballenas&#8221;.<\/p>\n<p style=\"text-align: justify;\">\n<p style=\"text-align: justify;\">En el Archipi\u00e9lago de Gal\u00e1pagos se ha documentado la presencia de 23 especies de cet\u00e1ceos, en diferentes \u00e9pocas del a\u00f1o y de acuerdo a las caracter\u00edsticas de cada una, detalla la publicaci\u00f3n.<\/p>\n<p>&nbsp;<\/p>\n<p>El PNG resalta la fotograf\u00eda de Camilo Chauca, quien logr\u00f3 registrar el momento en que una orca macho est\u00e1 cazando a una tortuga marina. Los especialistas explican que lo m\u00e1s probable es que el animal estaba usando a la tortuga para ense\u00f1ar t\u00e9cnicas de cacer\u00eda a su cr\u00eda. (I)<\/p>\n<p>&nbsp;<\/p>\n<p>Fuente: <a href=\"http:\/\/www.eluniverso.com\/noticias\/2016\/08\/28\/nota\/5766633\/avistamiento-ballenas-galapagos-impulsa-implementacion-protocolos\">http:\/\/www.eluniverso.com\/noticias\/2016\/08\/28\/nota\/5766633\/avistamiento-ballenas-galapagos-impulsa-implementacion-protocolos<\/a><\/p>\n","protected":false},"excerpt":{"rendered":"<p>&nbsp; Orcas, cachalotes, ballenas jorobadas, entre otras especies de cet\u00e1ceos, incluyen la Reserva Marina de Gal\u00e1pagos en sus rutas migratorias. Hecho que despierta mayor inter\u00e9s tur\u00edstico y cient\u00edfico en este santuario de ballenas. Este s\u00e1bado, el PNG public\u00f3 en sus redes sociales que la alta presencia de estas especies durante esta temporada ha impulsado que se retome la implementaci\u00f3n de &#8220;protocolos de buenas pr\u00e1cticas para la observaci\u00f3n de ballenas&#8221;. En el Archipi\u00e9lago de Gal\u00e1pagos se ha documentado la presencia de 23 especies de cet\u00e1ceos, en diferentes \u00e9pocas del a\u00f1o y de acuerdo a las caracter\u00edsticas de cada una, detalla la publicaci\u00f3n. &nbsp; El PNG resalta la fotograf\u00eda de Camilo Chauca, quien logr\u00f3 registrar el momento en que una orca macho est\u00e1 cazando a una tortuga marina. Los especialistas explican que lo m\u00e1s probable es que el animal estaba usando a la tortuga para ense\u00f1ar t\u00e9cnicas de cacer\u00eda a su cr\u00eda. (I) &nbsp; Fuente: http:\/\/www.eluniverso.com\/noticias\/2016\/08\/28\/nota\/5766633\/avistamiento-ballenas-galapagos-impulsa-implementacion-protocolos<\/p>\n","protected":false},"author":1,"featured_media":240714,"comment_status":"open","ping_status":"open","sticky":false,"template":"","format":"standard","meta":[],"categories":[47],"tags":[],"_links":{"self":[{"href":"https:\/\/www.ecuadortimes.net\/es\/wp-json\/wp\/v2\/posts\/240713"}],"collection":[{"href":"https:\/\/www.ecuadortimes.net\/es\/wp-json\/wp\/v2\/posts"}],"about":[{"href":"https:\/\/www.ecuadortimes.net\/es\/wp-json\/wp\/v2\/types\/post"}],"author":[{"embeddable":true,"href":"https:\/\/www.ecuadortimes.net\/es\/wp-json\/wp\/v2\/users\/1"}],"replies":[{"embeddable":true,"href":"https:\/\/www.ecuadortimes.net\/es\/wp-json\/wp\/v2\/comments?post=240713"}],"version-history":[{"count":0,"href":"https:\/\/www.ecuadortimes.net\/es\/wp-json\/wp\/v2\/posts\/240713\/revisions"}],"wp:featuredmedia":[{"embeddable":true,"href":"https:\/\/www.ecuadortimes.net\/es\/wp-json\/wp\/v2\/media\/240714"}],"wp:attachment":[{"href":"https:\/\/www.ecuadortimes.net\/es\/wp-json\/wp\/v2\/media?parent=240713"}],"wp:term":[{"taxonomy":"category","embeddable":true,"href":"https:\/\/www.ecuadortimes.net\/es\/wp-json\/wp\/v2\/categories?post=240713"},{"taxonomy":"post_tag","embeddable":true,"href":"https:\/\/www.ecuadortimes.net\/es\/wp-json\/wp\/v2\/tags?post=240713"}],"curies":[{"name":"wp","href":"https:\/\/api.w.org\/{rel}","templated":true}]}}