{"id":240715,"date":"2016-08-29T00:00:00","date_gmt":"2016-08-29T00:00:00","guid":{"rendered":"https:\/\/www.ecuadortimes.net\/es\/la-marca-sweet-and-coffee-llegara-este-ano-a-las-perchas-de-las-tiendas-chilenas\/"},"modified":"2016-08-29T00:00:00","modified_gmt":"2016-08-29T00:00:00","slug":"la-marca-sweet-and-coffee-llegara-este-ano-a-las-perchas-de-las-tiendas-chilenas","status":"publish","type":"post","link":"https:\/\/www.ecuadortimes.net\/es\/la-marca-sweet-and-coffee-llegara-este-ano-a-las-perchas-de-las-tiendas-chilenas\/","title":{"rendered":"La marca Sweet and Coffee llegar\u00e1 este a\u00f1o a las perchas de las tiendas chilenas"},"content":{"rendered":"<p style=\"text-align: justify;\"><img loading=\"lazy\" class=\"alignnone size-full wp-image-180380\" src=\"https:\/\/www.ecuadortimes.net\/es\/wp-content\/uploads\/2016\/08\/SWEET-AND-COFFEE-ECUADORTIMES.jpg\" alt=\"SWEET AND COFFEE-ECUADORTIMES\" width=\"762\" height=\"428\" \/><\/p>\n<p style=\"text-align: justify;\">Despu\u00e9s de consolidarse como la m\u00e1s grande cadena de cafeter\u00edas del mercado local, la empresa guayaquile\u00f1a Sweet and Coffee se prepara para su internacionalizaci\u00f3n.<\/p>\n<p style=\"text-align: justify;\">\n<p style=\"text-align: justify;\">La firma prev\u00e9 introducir su producto en tiendas chilenas, a partir de septiembre de este a\u00f1o. Lo har\u00e1 con su propia marca. Enrique Le\u00f3n, gerente de marketing de la firma, menciona que el objetivo es llegar a convertirse en una cadena importante de Sudam\u00e9rica y con ello ser los representantes del caf\u00e9 de calidad de Ecuador.<\/p>\n<p style=\"text-align: justify;\">\n<p style=\"text-align: justify;\">Vamos a iniciar con la oferta de tres tipos de caf\u00e9 para pasar. Una por cada regi\u00f3n del Ecuador continental: Costa, Sierra y Amazon\u00eda. M\u00e1s adelante esperamos tener un caf\u00e9, de acuerdo con nuestro est\u00e1ndar, que provenga de la regi\u00f3n Insular\u009d. Todo el grano, aclara, es de la variedad ar\u00e1bico lavado. A ello, tambi\u00e9n se incorporar\u00e1 la oferta de caf\u00e9 soluble, en presentaci\u00f3n spray y liofilizado. Con esto como marca queremos traspasar fronteras y no solo quedarnos como una cafeter\u00eda. Tambi\u00e9n ser la marca que ofrezca un sello de calidad, que respalde a la espectacular producci\u00f3n de caf\u00e9 que como pa\u00eds tenemos hoy en d\u00eda\u009d. (I)<\/p>\n<p>&nbsp;<\/p>\n<p>Fuente: <a href=\"http:\/\/expreso.ec\/economia\/la-marca-sweet-and-coffee-llegara-este-ano-a-las-perchas-de-las-tiendas-chilenas-KB614738\">http:\/\/expreso.ec\/economia\/la-marca-sweet-and-coffee-llegara-este-ano-a-las-perchas-de-las-tiendas-chilenas-KB614738<\/a><\/p>\n<p>&nbsp;<\/p>\n","protected":false},"excerpt":{"rendered":"<p>Despu\u00e9s de consolidarse como la m\u00e1s grande cadena de cafeter\u00edas del mercado local, la empresa guayaquile\u00f1a Sweet and Coffee se prepara para su internacionalizaci\u00f3n. La firma prev\u00e9 introducir su producto en tiendas chilenas, a partir de septiembre de este a\u00f1o. Lo har\u00e1 con su propia marca. Enrique Le\u00f3n, gerente de marketing de la firma, menciona que el objetivo es llegar a convertirse en una cadena importante de Sudam\u00e9rica y con ello ser los representantes del caf\u00e9 de calidad de Ecuador. Vamos a iniciar con la oferta de tres tipos de caf\u00e9 para pasar. Una por cada regi\u00f3n del Ecuador continental: Costa, Sierra y Amazon\u00eda. M\u00e1s adelante esperamos tener un caf\u00e9, de acuerdo con nuestro est\u00e1ndar, que provenga de la regi\u00f3n Insular\u009d. Todo el grano, aclara, es de la variedad ar\u00e1bico lavado. A ello, tambi\u00e9n se incorporar\u00e1 la oferta de caf\u00e9 soluble, en presentaci\u00f3n spray y liofilizado. Con esto como marca queremos traspasar fronteras y no solo quedarnos como una cafeter\u00eda. Tambi\u00e9n ser la marca que ofrezca un sello de calidad, que respalde a la espectacular producci\u00f3n de caf\u00e9 que como pa\u00eds tenemos hoy en d\u00eda\u009d. (I) &nbsp; Fuente: http:\/\/expreso.ec\/economia\/la-marca-sweet-and-coffee-llegara-este-ano-a-las-perchas-de-las-tiendas-chilenas-KB614738 &nbsp;<\/p>\n","protected":false},"author":1,"featured_media":240716,"comment_status":"open","ping_status":"open","sticky":false,"template":"","format":"standard","meta":[],"categories":[43],"tags":[],"_links":{"self":[{"href":"https:\/\/www.ecuadortimes.net\/es\/wp-json\/wp\/v2\/posts\/240715"}],"collection":[{"href":"https:\/\/www.ecuadortimes.net\/es\/wp-json\/wp\/v2\/posts"}],"about":[{"href":"https:\/\/www.ecuadortimes.net\/es\/wp-json\/wp\/v2\/types\/post"}],"author":[{"embeddable":true,"href":"https:\/\/www.ecuadortimes.net\/es\/wp-json\/wp\/v2\/users\/1"}],"replies":[{"embeddable":true,"href":"https:\/\/www.ecuadortimes.net\/es\/wp-json\/wp\/v2\/comments?post=240715"}],"version-history":[{"count":0,"href":"https:\/\/www.ecuadortimes.net\/es\/wp-json\/wp\/v2\/posts\/240715\/revisions"}],"wp:featuredmedia":[{"embeddable":true,"href":"https:\/\/www.ecuadortimes.net\/es\/wp-json\/wp\/v2\/media\/240716"}],"wp:attachment":[{"href":"https:\/\/www.ecuadortimes.net\/es\/wp-json\/wp\/v2\/media?parent=240715"}],"wp:term":[{"taxonomy":"category","embeddable":true,"href":"https:\/\/www.ecuadortimes.net\/es\/wp-json\/wp\/v2\/categories?post=240715"},{"taxonomy":"post_tag","embeddable":true,"href":"https:\/\/www.ecuadortimes.net\/es\/wp-json\/wp\/v2\/tags?post=240715"}],"curies":[{"name":"wp","href":"https:\/\/api.w.org\/{rel}","templated":true}]}}