{"id":240719,"date":"2016-08-29T00:00:00","date_gmt":"2016-08-29T00:00:00","guid":{"rendered":"https:\/\/www.ecuadortimes.net\/es\/un-pronostico-cientifico-pone-fecha-de-extincion-del-condor\/"},"modified":"2016-08-29T00:00:00","modified_gmt":"2016-08-29T00:00:00","slug":"un-pronostico-cientifico-pone-fecha-de-extincion-del-condor","status":"publish","type":"post","link":"https:\/\/www.ecuadortimes.net\/es\/un-pronostico-cientifico-pone-fecha-de-extincion-del-condor\/","title":{"rendered":"Un pron\u00f3stico cient\u00edfico pone fecha de extinci\u00f3n del c\u00f3ndor"},"content":{"rendered":"<p>&nbsp;<\/p>\n<p style=\"text-align: justify;\"><img loading=\"lazy\" class=\"size-full wp-image-180377 aligncenter\" src=\"https:\/\/www.ecuadortimes.net\/es\/wp-content\/uploads\/2016\/08\/condor-ecuadortimes.jpg\" alt=\"condor-ecuadortimes\" width=\"612\" height=\"340\" \/><\/p>\n<p style=\"text-align: justify;\">En 63 a\u00f1os es probable que nuestros nietos vean la muerte del \u00faltimo c\u00f3ndor del Ecuador. En el colegio les contar\u00e1n sobre esa ave que est\u00e1 en el Escudo Nacional y que, por negligencia de quienes pudieron hacer algo para salvarlo, ser\u00e1 solo eso: una imagen.<\/p>\n<p style=\"text-align: justify;\">\n<p style=\"text-align: justify;\">Un estudio de Wildlife Conservation Society (WCS) pronostica que si el lugar donde viven los c\u00f3ndores cambia el doble de r\u00e1pido que al ritmo actual, la especie se extinguir\u00e1 en poco m\u00e1s de seis d\u00e9cadas. En esta investigaci\u00f3n se utilizaron datos del \u00faltimo censo poblacional del ave en Ecuador, realizado en septiembre del 2015.<\/p>\n<p style=\"text-align: justify;\">\n<p style=\"text-align: justify;\">Los resultados del censo demostraron que en el pa\u00eds existen entre 94 y 102 individuos libres. Es una cifra alentadora comparada con los menos de 70 individuos que se estimaba antes de ese a\u00f1o. Sin embargo, para cient\u00edficos como Adri\u00e1n Naveda, de WCS, la situaci\u00f3n es m\u00e1s compleja. En Ecuador, el c\u00f3ndor ocupa aproximadamente una extensi\u00f3n de 49 725 km2, entre los 1 300 y 4 500 metros sobre el nivel del mar. Dentro de esta \u00e1rea, el paisaje es un mosaico compuesto por cultivos, pastizales, p\u00e1ramo, pueblos, infraestructuras y plantaciones forestales, entre otros. Esta extensi\u00f3n provee de suficientes recursos para la poblaci\u00f3n de c\u00f3ndores que existe actualmente. (I)<\/p>\n<p>&nbsp;<\/p>\n<p>Fuente: <a href=\"http:\/\/www.elcomercio.com\/tendencias\/pronostico-cientifico-pone-fecha-extincion.html\">http:\/\/www.elcomercio.com\/tendencias\/pronostico-cientifico-pone-fecha-extincion.html<\/a><\/p>\n","protected":false},"excerpt":{"rendered":"<p>&nbsp; En 63 a\u00f1os es probable que nuestros nietos vean la muerte del \u00faltimo c\u00f3ndor del Ecuador. En el colegio les contar\u00e1n sobre esa ave que est\u00e1 en el Escudo Nacional y que, por negligencia de quienes pudieron hacer algo para salvarlo, ser\u00e1 solo eso: una imagen. Un estudio de Wildlife Conservation Society (WCS) pronostica que si el lugar donde viven los c\u00f3ndores cambia el doble de r\u00e1pido que al ritmo actual, la especie se extinguir\u00e1 en poco m\u00e1s de seis d\u00e9cadas. En esta investigaci\u00f3n se utilizaron datos del \u00faltimo censo poblacional del ave en Ecuador, realizado en septiembre del 2015. Los resultados del censo demostraron que en el pa\u00eds existen entre 94 y 102 individuos libres. Es una cifra alentadora comparada con los menos de 70 individuos que se estimaba antes de ese a\u00f1o. Sin embargo, para cient\u00edficos como Adri\u00e1n Naveda, de WCS, la situaci\u00f3n es m\u00e1s compleja. En Ecuador, el c\u00f3ndor ocupa aproximadamente una extensi\u00f3n de 49 725 km2, entre los 1 300 y 4 500 metros sobre el nivel del mar. Dentro de esta \u00e1rea, el paisaje es un mosaico compuesto por cultivos, pastizales, p\u00e1ramo, pueblos, infraestructuras y plantaciones forestales, entre otros. Esta extensi\u00f3n provee de suficientes recursos para la poblaci\u00f3n de c\u00f3ndores que existe actualmente. (I) &nbsp; Fuente: http:\/\/www.elcomercio.com\/tendencias\/pronostico-cientifico-pone-fecha-extincion.html<\/p>\n","protected":false},"author":1,"featured_media":240720,"comment_status":"open","ping_status":"open","sticky":false,"template":"","format":"standard","meta":[],"categories":[47],"tags":[],"_links":{"self":[{"href":"https:\/\/www.ecuadortimes.net\/es\/wp-json\/wp\/v2\/posts\/240719"}],"collection":[{"href":"https:\/\/www.ecuadortimes.net\/es\/wp-json\/wp\/v2\/posts"}],"about":[{"href":"https:\/\/www.ecuadortimes.net\/es\/wp-json\/wp\/v2\/types\/post"}],"author":[{"embeddable":true,"href":"https:\/\/www.ecuadortimes.net\/es\/wp-json\/wp\/v2\/users\/1"}],"replies":[{"embeddable":true,"href":"https:\/\/www.ecuadortimes.net\/es\/wp-json\/wp\/v2\/comments?post=240719"}],"version-history":[{"count":0,"href":"https:\/\/www.ecuadortimes.net\/es\/wp-json\/wp\/v2\/posts\/240719\/revisions"}],"wp:featuredmedia":[{"embeddable":true,"href":"https:\/\/www.ecuadortimes.net\/es\/wp-json\/wp\/v2\/media\/240720"}],"wp:attachment":[{"href":"https:\/\/www.ecuadortimes.net\/es\/wp-json\/wp\/v2\/media?parent=240719"}],"wp:term":[{"taxonomy":"category","embeddable":true,"href":"https:\/\/www.ecuadortimes.net\/es\/wp-json\/wp\/v2\/categories?post=240719"},{"taxonomy":"post_tag","embeddable":true,"href":"https:\/\/www.ecuadortimes.net\/es\/wp-json\/wp\/v2\/tags?post=240719"}],"curies":[{"name":"wp","href":"https:\/\/api.w.org\/{rel}","templated":true}]}}