{"id":240722,"date":"2016-08-30T00:00:00","date_gmt":"2016-08-30T00:00:00","guid":{"rendered":"https:\/\/www.ecuadortimes.net\/es\/policia-allana-la-une-en-quito-y-guayaquil\/"},"modified":"2016-08-30T00:00:00","modified_gmt":"2016-08-30T00:00:00","slug":"policia-allana-la-une-en-quito-y-guayaquil","status":"publish","type":"post","link":"https:\/\/www.ecuadortimes.net\/es\/policia-allana-la-une-en-quito-y-guayaquil\/","title":{"rendered":"Polic\u00eda allana la UNE en Quito y Guayaquil"},"content":{"rendered":"<p>&nbsp;<\/p>\n<p><img loading=\"lazy\" class=\"alignnone size-full wp-image-180392\" src=\"https:\/\/www.ecuadortimes.net\/es\/wp-content\/uploads\/2016\/08\/Captura-de-pantalla-2016-08-30-a-las-8.52.23-a.m..png\" alt=\"Captura de pantalla 2016-08-30 a las 8.52.23 a.m.\" width=\"761\" height=\"485\" \/><\/p>\n<p style=\"text-align: justify;\">En medio de forcejeos, la <strong>Polic\u00eda Nacional<\/strong> allan\u00f3 ayer y tom\u00f3 posesi\u00f3n de las instalaciones de la <strong>Uni\u00f3n Nacional de Educadores (UNE)<\/strong> en Quito, entidad que se encuentra en un proceso de disoluci\u00f3n. Tambi\u00e9n lo hizo en la sede de <strong>Guayaquil<\/strong>.<\/p>\n<p style=\"text-align: justify;\">\n<p style=\"text-align: justify;\">El operativo en la capital comenz\u00f3 cerca de las 05:00, cuando personal policial ingres\u00f3 al edificio, ubicado en las calles 9 de Octubre y <strong>Asc\u00e1zubi<\/strong>, por pedido de la Fiscal\u00eda y autorizada por un juez.<\/p>\n<p style=\"text-align: justify;\">\n<p style=\"text-align: justify;\">Desde el segundo piso, antes de las 08:30, el presidente de la UNE en Pichincha, Elvis Moreira, indic\u00f3 que se llevaron computadoras, documentos, archivos e informes relacionados con la vida institucional.<\/p>\n<p style=\"text-align: justify;\">\n<p style=\"text-align: justify;\">Israel Gualsaqu\u00ed, intendente de Polic\u00eda de Pichincha, dijo que ten\u00edan una orden de allanamiento para verificar documentaci\u00f3n y datos inform\u00e1ticos que reposaban en el edificio. (I)<\/p>\n<p>&nbsp;<\/p>\n<p>&nbsp;<\/p>\n<p>Fuente: <a href=\"http:\/\/www.eluniverso.com\/noticias\/2016\/08\/30\/nota\/5772684\/policia-allana-une-quito-guayaquil\">http:\/\/www.eluniverso.com\/noticias\/2016\/08\/30\/nota\/5772684\/policia-allana-une-quito-guayaquil<\/a><\/p>\n","protected":false},"excerpt":{"rendered":"<p>&nbsp; En medio de forcejeos, la Polic\u00eda Nacional allan\u00f3 ayer y tom\u00f3 posesi\u00f3n de las instalaciones de la Uni\u00f3n Nacional de Educadores (UNE) en Quito, entidad que se encuentra en un proceso de disoluci\u00f3n. Tambi\u00e9n lo hizo en la sede de Guayaquil. El operativo en la capital comenz\u00f3 cerca de las 05:00, cuando personal policial ingres\u00f3 al edificio, ubicado en las calles 9 de Octubre y Asc\u00e1zubi, por pedido de la Fiscal\u00eda y autorizada por un juez. Desde el segundo piso, antes de las 08:30, el presidente de la UNE en Pichincha, Elvis Moreira, indic\u00f3 que se llevaron computadoras, documentos, archivos e informes relacionados con la vida institucional. Israel Gualsaqu\u00ed, intendente de Polic\u00eda de Pichincha, dijo que ten\u00edan una orden de allanamiento para verificar documentaci\u00f3n y datos inform\u00e1ticos que reposaban en el edificio. (I) &nbsp; &nbsp; Fuente: http:\/\/www.eluniverso.com\/noticias\/2016\/08\/30\/nota\/5772684\/policia-allana-une-quito-guayaquil<\/p>\n","protected":false},"author":1,"featured_media":0,"comment_status":"open","ping_status":"open","sticky":false,"template":"","format":"standard","meta":[],"categories":[54,40],"tags":[],"_links":{"self":[{"href":"https:\/\/www.ecuadortimes.net\/es\/wp-json\/wp\/v2\/posts\/240722"}],"collection":[{"href":"https:\/\/www.ecuadortimes.net\/es\/wp-json\/wp\/v2\/posts"}],"about":[{"href":"https:\/\/www.ecuadortimes.net\/es\/wp-json\/wp\/v2\/types\/post"}],"author":[{"embeddable":true,"href":"https:\/\/www.ecuadortimes.net\/es\/wp-json\/wp\/v2\/users\/1"}],"replies":[{"embeddable":true,"href":"https:\/\/www.ecuadortimes.net\/es\/wp-json\/wp\/v2\/comments?post=240722"}],"version-history":[{"count":0,"href":"https:\/\/www.ecuadortimes.net\/es\/wp-json\/wp\/v2\/posts\/240722\/revisions"}],"wp:attachment":[{"href":"https:\/\/www.ecuadortimes.net\/es\/wp-json\/wp\/v2\/media?parent=240722"}],"wp:term":[{"taxonomy":"category","embeddable":true,"href":"https:\/\/www.ecuadortimes.net\/es\/wp-json\/wp\/v2\/categories?post=240722"},{"taxonomy":"post_tag","embeddable":true,"href":"https:\/\/www.ecuadortimes.net\/es\/wp-json\/wp\/v2\/tags?post=240722"}],"curies":[{"name":"wp","href":"https:\/\/api.w.org\/{rel}","templated":true}]}}