{"id":240749,"date":"2016-08-31T00:00:00","date_gmt":"2016-08-31T00:00:00","guid":{"rendered":"https:\/\/www.ecuadortimes.net\/es\/dos-oficiales-intentan-frenar-debate-de-las-reformas-al-issfa-e-isspol\/"},"modified":"2016-08-31T00:00:00","modified_gmt":"2016-08-31T00:00:00","slug":"dos-oficiales-intentan-frenar-debate-de-las-reformas-al-issfa-e-isspol","status":"publish","type":"post","link":"https:\/\/www.ecuadortimes.net\/es\/dos-oficiales-intentan-frenar-debate-de-las-reformas-al-issfa-e-isspol\/","title":{"rendered":"Dos oficiales intentan frenar debate de las reformas al Issfa e Isspol"},"content":{"rendered":"<p>&nbsp;<\/p>\n<p style=\"text-align: justify;\"><img loading=\"lazy\" class=\"alignnone size-full wp-image-180440\" src=\"https:\/\/www.ecuadortimes.net\/es\/wp-content\/uploads\/2016\/08\/essfa-ecuadortimes.jpeg\" alt=\"essfa-ecuadortimes\" width=\"612\" height=\"340\" \/><\/p>\n<p style=\"text-align: justify;\">El Gobierno y las <strong>Fuerzas Armadas<\/strong> mueven sus fichas. Por un lado, la Asamblea, de mayor\u00eda oficialista, apura el debate de las reformas al seguro militar (I<strong>ssfa<\/strong>) y policial (<strong>Isspol<\/strong>) y ya defini\u00f3 la hora para esa discusi\u00f3n: el 1 de septiembre, a las 09:30.<\/p>\n<p style=\"text-align: justify;\">\n<p style=\"text-align: justify;\">En el otro lado est\u00e1n los uniformados activos, que intentan bloquear esa sesi\u00f3n. Para lograrlo, el 30 de agosto, el capit\u00e1n de la Armada, Jorge Zambrano, y el mayor del Ej\u00e9rcito,Jos\u00e9 Intriago, recurrieron a la justicia ordinaria y presentaron acciones de protecci\u00f3n cada uno. Los documentos llegaron poco antes del mediod\u00eda al despacho del juez Henry Jaya, de la Unidad Penal de Guayaquil.<\/p>\n<p style=\"text-align: justify;\">\n<p style=\"text-align: justify;\">La demanda de los oficiales es contra el ministro de Defensa, Ricardo Pati\u00f1o; la presidenta de la Asamblea, Gabriela Rivadeneira, y los 11 legisladores que integran la Comisi\u00f3n de Derechos del Trabajador, donde se analizan las reformas. Los militares consideran que se violaron sus derechos constitucionales y piden ser escuchados en la mesa legislativa y as\u00ed exponer sus argumentos t\u00e9cnicos\u009d frente a los cambios que plantea el oficialismo. (I)<\/p>\n<p>&nbsp;<\/p>\n<p>Fuente: <a href=\"http:\/\/www.elcomercio.com\/actualidad\/oficiales-debate-reformas-issfa-isspol.html\">http:\/\/www.elcomercio.com\/actualidad\/oficiales-debate-reformas-issfa-isspol.html<\/a><\/p>\n","protected":false},"excerpt":{"rendered":"<p>&nbsp; El Gobierno y las Fuerzas Armadas mueven sus fichas. Por un lado, la Asamblea, de mayor\u00eda oficialista, apura el debate de las reformas al seguro militar (Issfa) y policial (Isspol) y ya defini\u00f3 la hora para esa discusi\u00f3n: el 1 de septiembre, a las 09:30. En el otro lado est\u00e1n los uniformados activos, que intentan bloquear esa sesi\u00f3n. Para lograrlo, el 30 de agosto, el capit\u00e1n de la Armada, Jorge Zambrano, y el mayor del Ej\u00e9rcito,Jos\u00e9 Intriago, recurrieron a la justicia ordinaria y presentaron acciones de protecci\u00f3n cada uno. Los documentos llegaron poco antes del mediod\u00eda al despacho del juez Henry Jaya, de la Unidad Penal de Guayaquil. La demanda de los oficiales es contra el ministro de Defensa, Ricardo Pati\u00f1o; la presidenta de la Asamblea, Gabriela Rivadeneira, y los 11 legisladores que integran la Comisi\u00f3n de Derechos del Trabajador, donde se analizan las reformas. Los militares consideran que se violaron sus derechos constitucionales y piden ser escuchados en la mesa legislativa y as\u00ed exponer sus argumentos t\u00e9cnicos\u009d frente a los cambios que plantea el oficialismo. (I) &nbsp; Fuente: http:\/\/www.elcomercio.com\/actualidad\/oficiales-debate-reformas-issfa-isspol.html<\/p>\n","protected":false},"author":1,"featured_media":240750,"comment_status":"open","ping_status":"open","sticky":false,"template":"","format":"standard","meta":[],"categories":[54,40],"tags":[],"_links":{"self":[{"href":"https:\/\/www.ecuadortimes.net\/es\/wp-json\/wp\/v2\/posts\/240749"}],"collection":[{"href":"https:\/\/www.ecuadortimes.net\/es\/wp-json\/wp\/v2\/posts"}],"about":[{"href":"https:\/\/www.ecuadortimes.net\/es\/wp-json\/wp\/v2\/types\/post"}],"author":[{"embeddable":true,"href":"https:\/\/www.ecuadortimes.net\/es\/wp-json\/wp\/v2\/users\/1"}],"replies":[{"embeddable":true,"href":"https:\/\/www.ecuadortimes.net\/es\/wp-json\/wp\/v2\/comments?post=240749"}],"version-history":[{"count":0,"href":"https:\/\/www.ecuadortimes.net\/es\/wp-json\/wp\/v2\/posts\/240749\/revisions"}],"wp:featuredmedia":[{"embeddable":true,"href":"https:\/\/www.ecuadortimes.net\/es\/wp-json\/wp\/v2\/media\/240750"}],"wp:attachment":[{"href":"https:\/\/www.ecuadortimes.net\/es\/wp-json\/wp\/v2\/media?parent=240749"}],"wp:term":[{"taxonomy":"category","embeddable":true,"href":"https:\/\/www.ecuadortimes.net\/es\/wp-json\/wp\/v2\/categories?post=240749"},{"taxonomy":"post_tag","embeddable":true,"href":"https:\/\/www.ecuadortimes.net\/es\/wp-json\/wp\/v2\/tags?post=240749"}],"curies":[{"name":"wp","href":"https:\/\/api.w.org\/{rel}","templated":true}]}}