{"id":240768,"date":"2016-09-01T00:00:00","date_gmt":"2016-09-01T00:00:00","guid":{"rendered":"https:\/\/www.ecuadortimes.net\/es\/asambleistas-piden-detalles-de-donacion-de-armamento\/"},"modified":"2016-09-01T00:00:00","modified_gmt":"2016-09-01T00:00:00","slug":"asambleistas-piden-detalles-de-donacion-de-armamento","status":"publish","type":"post","link":"https:\/\/www.ecuadortimes.net\/es\/asambleistas-piden-detalles-de-donacion-de-armamento\/","title":{"rendered":"Asamble\u00edstas piden detalles de donaci\u00f3n de armamento"},"content":{"rendered":"<p><span style=\"text-decoration: underline;\"><img loading=\"lazy\" class=\"alignnone size-full wp-image-180473\" src=\"https:\/\/www.ecuadortimes.net\/es\/wp-content\/uploads\/2016\/09\/LUIS-TAPAI-ECUADORTIMES.jpg\" alt=\"LUIS TAPAI-ECUADORTIMES\" width=\"960\" height=\"639\" \/><\/span><\/p>\n<p>&nbsp;<\/p>\n<p style=\"text-align: justify;\">Los asamble\u00edstas <strong>Luis Tapia<\/strong> (antes de SP) y <strong>Ren\u00e9 Yand\u00fan<\/strong> (MID), ambos militares en servicio pasivo, enviaron un oficio al ministro de Defensa, Ricardo Pati\u00f1o, pidiendo explicaciones sobre la donaci\u00f3n china que lleg\u00f3 al pa\u00eds hace dos semanas.<\/p>\n<p style=\"text-align: justify;\">\n<p style=\"text-align: justify;\">Tapia y Yand\u00fan solicitaron detalles de la entrega de fusiles AK47 y m\u00e1s equipo.<\/p>\n<p style=\"text-align: justify;\">\n<p style=\"text-align: justify;\">Ellos indicaron que, seg\u00fan la <strong>Ley de Defensa Nacional<\/strong>, la adquisici\u00f3n de material b\u00e9lico para las Fuerzas Armadas debe responder a un requerimiento del Comando Conjunto, pero es de dominio p\u00fablico que tal requerimiento jam\u00e1s se realiz\u00f3 y m\u00e1s bien caus\u00f3 sorpresa dentro del mando militar\u009d.<\/p>\n<p style=\"text-align: justify;\">\n<p style=\"text-align: justify;\">Agregaron que conocen que llegar\u00e1 otro cargamento de fusiles desde China en las mismas condiciones que el anterior, y que por eso desean saber qu\u00e9 destino tendr\u00e1n. (I)<\/p>\n<p>&nbsp;<\/p>\n<p>&nbsp;<\/p>\n<p>Fuente: <a href=\"http:\/\/www.eluniverso.com\/noticias\/2016\/09\/01\/nota\/5775750\/asambleistas-piden-detalles-donacion-armamento\">http:\/\/www.eluniverso.com\/noticias\/2016\/09\/01\/nota\/5775750\/asambleistas-piden-detalles-donacion-armamento<\/a><\/p>\n","protected":false},"excerpt":{"rendered":"<p>&nbsp; Los asamble\u00edstas Luis Tapia (antes de SP) y Ren\u00e9 Yand\u00fan (MID), ambos militares en servicio pasivo, enviaron un oficio al ministro de Defensa, Ricardo Pati\u00f1o, pidiendo explicaciones sobre la donaci\u00f3n china que lleg\u00f3 al pa\u00eds hace dos semanas. Tapia y Yand\u00fan solicitaron detalles de la entrega de fusiles AK47 y m\u00e1s equipo. Ellos indicaron que, seg\u00fan la Ley de Defensa Nacional, la adquisici\u00f3n de material b\u00e9lico para las Fuerzas Armadas debe responder a un requerimiento del Comando Conjunto, pero es de dominio p\u00fablico que tal requerimiento jam\u00e1s se realiz\u00f3 y m\u00e1s bien caus\u00f3 sorpresa dentro del mando militar\u009d. Agregaron que conocen que llegar\u00e1 otro cargamento de fusiles desde China en las mismas condiciones que el anterior, y que por eso desean saber qu\u00e9 destino tendr\u00e1n. (I) &nbsp; &nbsp; Fuente: http:\/\/www.eluniverso.com\/noticias\/2016\/09\/01\/nota\/5775750\/asambleistas-piden-detalles-donacion-armamento<\/p>\n","protected":false},"author":1,"featured_media":240769,"comment_status":"open","ping_status":"open","sticky":false,"template":"","format":"standard","meta":[],"categories":[40],"tags":[],"_links":{"self":[{"href":"https:\/\/www.ecuadortimes.net\/es\/wp-json\/wp\/v2\/posts\/240768"}],"collection":[{"href":"https:\/\/www.ecuadortimes.net\/es\/wp-json\/wp\/v2\/posts"}],"about":[{"href":"https:\/\/www.ecuadortimes.net\/es\/wp-json\/wp\/v2\/types\/post"}],"author":[{"embeddable":true,"href":"https:\/\/www.ecuadortimes.net\/es\/wp-json\/wp\/v2\/users\/1"}],"replies":[{"embeddable":true,"href":"https:\/\/www.ecuadortimes.net\/es\/wp-json\/wp\/v2\/comments?post=240768"}],"version-history":[{"count":0,"href":"https:\/\/www.ecuadortimes.net\/es\/wp-json\/wp\/v2\/posts\/240768\/revisions"}],"wp:featuredmedia":[{"embeddable":true,"href":"https:\/\/www.ecuadortimes.net\/es\/wp-json\/wp\/v2\/media\/240769"}],"wp:attachment":[{"href":"https:\/\/www.ecuadortimes.net\/es\/wp-json\/wp\/v2\/media?parent=240768"}],"wp:term":[{"taxonomy":"category","embeddable":true,"href":"https:\/\/www.ecuadortimes.net\/es\/wp-json\/wp\/v2\/categories?post=240768"},{"taxonomy":"post_tag","embeddable":true,"href":"https:\/\/www.ecuadortimes.net\/es\/wp-json\/wp\/v2\/tags?post=240768"}],"curies":[{"name":"wp","href":"https:\/\/api.w.org\/{rel}","templated":true}]}}