{"id":240772,"date":"2016-09-01T00:00:00","date_gmt":"2016-09-01T00:00:00","guid":{"rendered":"https:\/\/www.ecuadortimes.net\/es\/a-debate-conformacion-de-directivas-de-issfa-e-isspol\/"},"modified":"2016-09-01T00:00:00","modified_gmt":"2016-09-01T00:00:00","slug":"a-debate-conformacion-de-directivas-de-issfa-e-isspol","status":"publish","type":"post","link":"https:\/\/www.ecuadortimes.net\/es\/a-debate-conformacion-de-directivas-de-issfa-e-isspol\/","title":{"rendered":"A debate, conformaci\u00f3n de directivas de Issfa e Isspol"},"content":{"rendered":"<p><img loading=\"lazy\" class=\"alignnone size-full wp-image-180481\" src=\"https:\/\/www.ecuadortimes.net\/es\/wp-content\/uploads\/2016\/09\/iessfa-ecuadortimes.jpg\" alt=\"iessfa-ecuadortimes\" width=\"999\" height=\"667\" \/><\/p>\n<p>&nbsp;<\/p>\n<p style=\"text-align: justify;\">Establecer un conjunto de requisitos para los futuros directores o miembros de los institutos de <strong>Seguridad Social de las Fuerzas Armadas (Issfa)<\/strong> y de la <strong>Polic\u00eda Nacional (Isspol)<\/strong> podr\u00eda incluirse en el proyecto de reformas a las leyes de Seguridad Social de las instituciones, que hoy tendr\u00e1 su primer debate en el pleno de la Asamblea, a partir de las 09:30.<\/p>\n<p style=\"text-align: justify;\">\n<p style=\"text-align: justify;\">La propuesta proviene del legislador de AP Fausto Cayambe, miembro de la Comisi\u00f3n de los Derechos de los Trabajadores, quien opin\u00f3 que se deber\u00eda pensar los requisitos para quienes van a ser directores del Issfa e Isspol\u009d.<\/p>\n<p style=\"text-align: justify;\">\n<p style=\"text-align: justify;\">Pedir\u00e1 tambi\u00e9n el an\u00e1lisis de un seguro de vida \u00fanico, que d\u00e9 cobertura a oficiales y tropa.<\/p>\n<p style=\"text-align: justify;\">\n<p style=\"text-align: justify;\">Mientras, el presidente Rafael Correa sugiri\u00f3 ayer que se debe respetar el mandato constitucional de solidaridad\u009d, por lo que las pensiones de retiro militar deben tener un techo, y el mismo techo que el sector civil, que es de alrededor de $ 2.000\u009d. (I)<\/p>\n<p>&nbsp;<\/p>\n<p>Fuente: <a href=\"http:\/\/www.eluniverso.com\/noticias\/2016\/09\/01\/nota\/5775753\/debate-conformacion-directivas-issfa-e-isspol\">http:\/\/www.eluniverso.com\/noticias\/2016\/09\/01\/nota\/5775753\/debate-conformacion-directivas-issfa-e-isspol<\/a><\/p>\n","protected":false},"excerpt":{"rendered":"<p>&nbsp; Establecer un conjunto de requisitos para los futuros directores o miembros de los institutos de Seguridad Social de las Fuerzas Armadas (Issfa) y de la Polic\u00eda Nacional (Isspol) podr\u00eda incluirse en el proyecto de reformas a las leyes de Seguridad Social de las instituciones, que hoy tendr\u00e1 su primer debate en el pleno de la Asamblea, a partir de las 09:30. La propuesta proviene del legislador de AP Fausto Cayambe, miembro de la Comisi\u00f3n de los Derechos de los Trabajadores, quien opin\u00f3 que se deber\u00eda pensar los requisitos para quienes van a ser directores del Issfa e Isspol\u009d. Pedir\u00e1 tambi\u00e9n el an\u00e1lisis de un seguro de vida \u00fanico, que d\u00e9 cobertura a oficiales y tropa. Mientras, el presidente Rafael Correa sugiri\u00f3 ayer que se debe respetar el mandato constitucional de solidaridad\u009d, por lo que las pensiones de retiro militar deben tener un techo, y el mismo techo que el sector civil, que es de alrededor de $ 2.000\u009d. (I) &nbsp; Fuente: http:\/\/www.eluniverso.com\/noticias\/2016\/09\/01\/nota\/5775753\/debate-conformacion-directivas-issfa-e-isspol<\/p>\n","protected":false},"author":1,"featured_media":240773,"comment_status":"open","ping_status":"open","sticky":false,"template":"","format":"standard","meta":[],"categories":[54,40],"tags":[],"_links":{"self":[{"href":"https:\/\/www.ecuadortimes.net\/es\/wp-json\/wp\/v2\/posts\/240772"}],"collection":[{"href":"https:\/\/www.ecuadortimes.net\/es\/wp-json\/wp\/v2\/posts"}],"about":[{"href":"https:\/\/www.ecuadortimes.net\/es\/wp-json\/wp\/v2\/types\/post"}],"author":[{"embeddable":true,"href":"https:\/\/www.ecuadortimes.net\/es\/wp-json\/wp\/v2\/users\/1"}],"replies":[{"embeddable":true,"href":"https:\/\/www.ecuadortimes.net\/es\/wp-json\/wp\/v2\/comments?post=240772"}],"version-history":[{"count":0,"href":"https:\/\/www.ecuadortimes.net\/es\/wp-json\/wp\/v2\/posts\/240772\/revisions"}],"wp:featuredmedia":[{"embeddable":true,"href":"https:\/\/www.ecuadortimes.net\/es\/wp-json\/wp\/v2\/media\/240773"}],"wp:attachment":[{"href":"https:\/\/www.ecuadortimes.net\/es\/wp-json\/wp\/v2\/media?parent=240772"}],"wp:term":[{"taxonomy":"category","embeddable":true,"href":"https:\/\/www.ecuadortimes.net\/es\/wp-json\/wp\/v2\/categories?post=240772"},{"taxonomy":"post_tag","embeddable":true,"href":"https:\/\/www.ecuadortimes.net\/es\/wp-json\/wp\/v2\/tags?post=240772"}],"curies":[{"name":"wp","href":"https:\/\/api.w.org\/{rel}","templated":true}]}}