{"id":240780,"date":"2016-09-01T00:00:00","date_gmt":"2016-09-01T00:00:00","guid":{"rendered":"https:\/\/www.ecuadortimes.net\/es\/catalina-botero-quienes-quieren-regular-la-comunicacion-creen-que-la-gente-es-boba\/"},"modified":"2016-09-01T00:00:00","modified_gmt":"2016-09-01T00:00:00","slug":"catalina-botero-quienes-quieren-regular-la-comunicacion-creen-que-la-gente-es-boba","status":"publish","type":"post","link":"https:\/\/www.ecuadortimes.net\/es\/catalina-botero-quienes-quieren-regular-la-comunicacion-creen-que-la-gente-es-boba\/","title":{"rendered":"Catalina Botero: Quienes quieren regular la comunicaci\u00f3n, creen que la gente es boba"},"content":{"rendered":"<p style=\"text-align: justify;\"><img loading=\"lazy\" class=\"alignnone size-full wp-image-180495\" src=\"https:\/\/www.ecuadortimes.net\/es\/wp-content\/uploads\/2016\/09\/catalina-botero-ecuadortimes.png\" alt=\"catalina botero-ecuadortimes\" width=\"988\" height=\"640\" \/><\/p>\n<p style=\"text-align: justify;\">La Universidad San Francisco de Quito, en el contexto de su concurso acad\u00e9mico sobre derechos humanos, invit\u00f3 a Catalina Botero, la ex relatora especial para la Libertad de Expresi\u00f3n de la Comisi\u00f3n Interamericana de Derechos Humanos.<\/p>\n<p style=\"text-align: justify;\">Ese es el contexto en que la ex relatora ofreci\u00f3 un conservatorio sobre la Libertad de Expresi\u00f3n, desaf\u00edos en tiempos modernos, con \u00e9nfasis en la situaci\u00f3n actual del Ecuador. Ella es abogada, experta en justicia tradicional y Derecho Internacional de los Derechos Humanos.<\/p>\n<p style=\"text-align: justify;\">\n<p style=\"text-align: justify;\">Para empezar, mencion\u00f3 que la situaci\u00f3n de la libertad de expresi\u00f3n en el Ecuador es preocupante. La libertad de expresi\u00f3n no es que la gente pueda hablar, la gente pod\u00eda hablar incluso en el r\u00e9gimen nacional socialista, es que no haya represalias\u009d, se\u00f1al\u00f3. Botero piensa que el aparato institucional, en el Ecuador, fue dise\u00f1ado justamente para no impedir la auto censura.<\/p>\n<p style=\"text-align: justify;\">\n<p style=\"text-align: justify;\">En ese sentido, cree que no mejora el debate p\u00fablico el hecho de que el gobierno controla gran parte de los medios y ejerza presi\u00f3n, por medio de una Superintendencia, sobre los medios que no controla. Adem\u00e1s, se\u00f1al\u00f3 que crear instituciones dentro del poder ejecutivo para controlar los medios de comunicaci\u00f3n es una aberraci\u00f3n en cualquier parte del mundo\u009d, respecto de las atribuciones de la Supercom y la influencia del gobierno en la Cordicom. (I)<\/p>\n<p>&nbsp;<\/p>\n<p>Fuente: <a href=\"http:\/\/www.larepublica.ec\/blog\/politica\/2016\/08\/30\/catalina-botero-quienes-quieren-regular-la-comunicacion-creen-que-la-gente-es-boba\/\">http:\/\/www.larepublica.ec\/blog\/politica\/2016\/08\/30\/catalina-botero-quienes-quieren-regular-la-comunicacion-creen-que-la-gente-es-boba\/<\/a><\/p>\n<p>&nbsp;<\/p>\n<p>&nbsp;<\/p>\n","protected":false},"excerpt":{"rendered":"<p>La Universidad San Francisco de Quito, en el contexto de su concurso acad\u00e9mico sobre derechos humanos, invit\u00f3 a Catalina Botero, la ex relatora especial para la Libertad de Expresi\u00f3n de la Comisi\u00f3n Interamericana de Derechos Humanos. Ese es el contexto en que la ex relatora ofreci\u00f3 un conservatorio sobre la Libertad de Expresi\u00f3n, desaf\u00edos en tiempos modernos, con \u00e9nfasis en la situaci\u00f3n actual del Ecuador. Ella es abogada, experta en justicia tradicional y Derecho Internacional de los Derechos Humanos. Para empezar, mencion\u00f3 que la situaci\u00f3n de la libertad de expresi\u00f3n en el Ecuador es preocupante. La libertad de expresi\u00f3n no es que la gente pueda hablar, la gente pod\u00eda hablar incluso en el r\u00e9gimen nacional socialista, es que no haya represalias\u009d, se\u00f1al\u00f3. Botero piensa que el aparato institucional, en el Ecuador, fue dise\u00f1ado justamente para no impedir la auto censura. En ese sentido, cree que no mejora el debate p\u00fablico el hecho de que el gobierno controla gran parte de los medios y ejerza presi\u00f3n, por medio de una Superintendencia, sobre los medios que no controla. Adem\u00e1s, se\u00f1al\u00f3 que crear instituciones dentro del poder ejecutivo para controlar los medios de comunicaci\u00f3n es una aberraci\u00f3n en cualquier parte del mundo\u009d, respecto de las atribuciones de la Supercom y la influencia del gobierno en la Cordicom. (I) &nbsp; Fuente: http:\/\/www.larepublica.ec\/blog\/politica\/2016\/08\/30\/catalina-botero-quienes-quieren-regular-la-comunicacion-creen-que-la-gente-es-boba\/ &nbsp; &nbsp;<\/p>\n","protected":false},"author":1,"featured_media":0,"comment_status":"open","ping_status":"open","sticky":false,"template":"","format":"standard","meta":[],"categories":[40,48],"tags":[],"_links":{"self":[{"href":"https:\/\/www.ecuadortimes.net\/es\/wp-json\/wp\/v2\/posts\/240780"}],"collection":[{"href":"https:\/\/www.ecuadortimes.net\/es\/wp-json\/wp\/v2\/posts"}],"about":[{"href":"https:\/\/www.ecuadortimes.net\/es\/wp-json\/wp\/v2\/types\/post"}],"author":[{"embeddable":true,"href":"https:\/\/www.ecuadortimes.net\/es\/wp-json\/wp\/v2\/users\/1"}],"replies":[{"embeddable":true,"href":"https:\/\/www.ecuadortimes.net\/es\/wp-json\/wp\/v2\/comments?post=240780"}],"version-history":[{"count":0,"href":"https:\/\/www.ecuadortimes.net\/es\/wp-json\/wp\/v2\/posts\/240780\/revisions"}],"wp:attachment":[{"href":"https:\/\/www.ecuadortimes.net\/es\/wp-json\/wp\/v2\/media?parent=240780"}],"wp:term":[{"taxonomy":"category","embeddable":true,"href":"https:\/\/www.ecuadortimes.net\/es\/wp-json\/wp\/v2\/categories?post=240780"},{"taxonomy":"post_tag","embeddable":true,"href":"https:\/\/www.ecuadortimes.net\/es\/wp-json\/wp\/v2\/tags?post=240780"}],"curies":[{"name":"wp","href":"https:\/\/api.w.org\/{rel}","templated":true}]}}