{"id":240783,"date":"2016-09-01T00:00:00","date_gmt":"2016-09-01T00:00:00","guid":{"rendered":"https:\/\/www.ecuadortimes.net\/es\/capitan-ortega-recibi-un-escarnio-social-en-la-sabatina\/"},"modified":"2016-09-01T00:00:00","modified_gmt":"2016-09-01T00:00:00","slug":"capitan-ortega-recibi-un-escarnio-social-en-la-sabatina","status":"publish","type":"post","link":"https:\/\/www.ecuadortimes.net\/es\/capitan-ortega-recibi-un-escarnio-social-en-la-sabatina\/","title":{"rendered":"Capit\u00e1n Ortega: &#8216;Recib\u00ed un escarnio social en la sabatina&#8217;"},"content":{"rendered":"<p>&nbsp;<\/p>\n<p style=\"text-align: justify;\"><img loading=\"lazy\" class=\"alignnone size-full wp-image-180494\" src=\"https:\/\/www.ecuadortimes.net\/es\/wp-content\/uploads\/2016\/09\/CAPITAN-NORIEGA-ECUADORTIMES.jpeg\" alt=\"CAPITAN NORIEGA-ECUADORTIMES\" width=\"612\" height=\"340\" \/><\/p>\n<p style=\"text-align: justify;\">El capit\u00e1n de corbeta Edwin Ortega sostiene que ha sido sometido a un escarnio social\u009d por parte del presidente Rafael Correa en el \u00faltimo enlace ciudadano del s\u00e1bado 27 de agosto. Seg\u00fan el Mandatario, el oficial le profiri\u00f3 insultos que no pueden quedar en la impunidad. Por eso present\u00f3 una demanda contra cinco oficiales del Consejo de Disciplina de la Armada, quienes no admitieron un proceso de sanci\u00f3n a Ortega.<\/p>\n<p style=\"text-align: justify;\">Seg\u00fan el capit\u00e1n, el simple hecho de que el Primer Mandatario se refiera como antipatriota en una sabatina, es ya una sanci\u00f3n. Aqu\u00ed no solo ha sido una o tres sanciones las que he recibido, sino un escarnio social cuando el Presidente ha hablado en la sabatina\u009d.<\/p>\n<p style=\"text-align: justify;\">Ortega considera que en ning\u00fan momento le he faltado el respeto\u009d al Mandatario. Recuerda que el 13 de mayo del 2016 recibi\u00f3 el correo de la cuenta del Presidente de la Rep\u00fablica le contest\u00f3 al d\u00eda siguiente. No sabe si este mi\u00e9rcoles 31 de agosto ir\u00e1 a la audiencia por la acci\u00f3n de protecci\u00f3n que present\u00f3 Correa para dejar sin efecto la resoluci\u00f3n del Consejo de Disciplina de la Armada. El 2 de septiembre regresar\u00e1 a su puesto como comandante del Batall\u00f3n de Infantes de Marina en Guayaquil, donde dirige a 300 infantes y a diez oficiales. (I)<\/p>\n<p>&nbsp;<\/p>\n<p>Fuente: <a href=\"http:\/\/www.elcomercio.com\/actualidad\/capitan-ortega-militares-entrevista-rafaelcorrea.html\">http:\/\/www.elcomercio.com\/actualidad\/capitan-ortega-militares-entrevista-rafaelcorrea.html<\/a><\/p>\n<p>&nbsp;<\/p>\n<p>&nbsp;<\/p>\n<p>&nbsp;<\/p>\n","protected":false},"excerpt":{"rendered":"<p>&nbsp; El capit\u00e1n de corbeta Edwin Ortega sostiene que ha sido sometido a un escarnio social\u009d por parte del presidente Rafael Correa en el \u00faltimo enlace ciudadano del s\u00e1bado 27 de agosto. Seg\u00fan el Mandatario, el oficial le profiri\u00f3 insultos que no pueden quedar en la impunidad. Por eso present\u00f3 una demanda contra cinco oficiales del Consejo de Disciplina de la Armada, quienes no admitieron un proceso de sanci\u00f3n a Ortega. Seg\u00fan el capit\u00e1n, el simple hecho de que el Primer Mandatario se refiera como antipatriota en una sabatina, es ya una sanci\u00f3n. Aqu\u00ed no solo ha sido una o tres sanciones las que he recibido, sino un escarnio social cuando el Presidente ha hablado en la sabatina\u009d. Ortega considera que en ning\u00fan momento le he faltado el respeto\u009d al Mandatario. Recuerda que el 13 de mayo del 2016 recibi\u00f3 el correo de la cuenta del Presidente de la Rep\u00fablica le contest\u00f3 al d\u00eda siguiente. No sabe si este mi\u00e9rcoles 31 de agosto ir\u00e1 a la audiencia por la acci\u00f3n de protecci\u00f3n que present\u00f3 Correa para dejar sin efecto la resoluci\u00f3n del Consejo de Disciplina de la Armada. El 2 de septiembre regresar\u00e1 a su puesto como comandante del Batall\u00f3n de Infantes de Marina en Guayaquil, donde dirige a 300 infantes y a diez oficiales. (I) &nbsp; Fuente: http:\/\/www.elcomercio.com\/actualidad\/capitan-ortega-militares-entrevista-rafaelcorrea.html &nbsp; &nbsp; &nbsp;<\/p>\n","protected":false},"author":1,"featured_media":240784,"comment_status":"open","ping_status":"open","sticky":false,"template":"","format":"standard","meta":[],"categories":[54,40],"tags":[],"_links":{"self":[{"href":"https:\/\/www.ecuadortimes.net\/es\/wp-json\/wp\/v2\/posts\/240783"}],"collection":[{"href":"https:\/\/www.ecuadortimes.net\/es\/wp-json\/wp\/v2\/posts"}],"about":[{"href":"https:\/\/www.ecuadortimes.net\/es\/wp-json\/wp\/v2\/types\/post"}],"author":[{"embeddable":true,"href":"https:\/\/www.ecuadortimes.net\/es\/wp-json\/wp\/v2\/users\/1"}],"replies":[{"embeddable":true,"href":"https:\/\/www.ecuadortimes.net\/es\/wp-json\/wp\/v2\/comments?post=240783"}],"version-history":[{"count":0,"href":"https:\/\/www.ecuadortimes.net\/es\/wp-json\/wp\/v2\/posts\/240783\/revisions"}],"wp:featuredmedia":[{"embeddable":true,"href":"https:\/\/www.ecuadortimes.net\/es\/wp-json\/wp\/v2\/media\/240784"}],"wp:attachment":[{"href":"https:\/\/www.ecuadortimes.net\/es\/wp-json\/wp\/v2\/media?parent=240783"}],"wp:term":[{"taxonomy":"category","embeddable":true,"href":"https:\/\/www.ecuadortimes.net\/es\/wp-json\/wp\/v2\/categories?post=240783"},{"taxonomy":"post_tag","embeddable":true,"href":"https:\/\/www.ecuadortimes.net\/es\/wp-json\/wp\/v2\/tags?post=240783"}],"curies":[{"name":"wp","href":"https:\/\/api.w.org\/{rel}","templated":true}]}}