{"id":240788,"date":"2016-09-02T00:00:00","date_gmt":"2016-09-02T00:00:00","guid":{"rendered":"https:\/\/www.ecuadortimes.net\/es\/la-economia-se-contraera-por-primera-vez-en-17-anos\/"},"modified":"2016-09-02T00:00:00","modified_gmt":"2016-09-02T00:00:00","slug":"la-economia-se-contraera-por-primera-vez-en-17-anos","status":"publish","type":"post","link":"https:\/\/www.ecuadortimes.net\/es\/la-economia-se-contraera-por-primera-vez-en-17-anos\/","title":{"rendered":"La econom\u00eda se contraer\u00e1 por primera vez en 17 a\u00f1os"},"content":{"rendered":"<p style=\"text-align: justify;\"><img loading=\"lazy\" class=\"alignnone size-full wp-image-180520\" src=\"https:\/\/www.ecuadortimes.net\/es\/wp-content\/uploads\/2016\/09\/ECONOMIA-ECUADORTIMES.jpeg\" alt=\"ECONOMIA-ECUADORTIMES\" width=\"612\" height=\"340\" \/><\/p>\n<p style=\"text-align: justify;\">Este a\u00f1o, la econom\u00eda ecuatoriana decrecer\u00e1 1,7%, seg\u00fan las estimaciones que el <strong>Banco Central del Ecuador (BCE)<\/strong> public\u00f3 ayer. Se trata del primer a\u00f1o de recesi\u00f3n en 17 a\u00f1os. El Producto Interno Bruto (PIB) alcanzar\u00eda, seg\u00fan la entidad, los USD 96 217 millones al cierre de este a\u00f1o. Incluso, la cifra es inferior al 0,6% que present\u00f3 Ecuador en el 2009, a\u00f1o de la crisis \u0098subprime\u0099 o de las hipotecas de EE.UU. que afect\u00f3 a todas las econom\u00edas del mundo. El -1,7% es la primera previsi\u00f3n del 2016, cuya presentaci\u00f3n estaba programada para el viernes 6 de mayo.<\/p>\n<p style=\"text-align: justify;\">\n<p style=\"text-align: justify;\">Sin embargo, seg\u00fan Diego Mart\u00ednez, gerente del BCE, el terremoto del 16 de abril oblig\u00f3 a realizar nuevamente los c\u00e1lculos de las cuentas nacionales y se suspendi\u00f3 la publicaci\u00f3n. A esto se suma, dijo Mart\u00ednez, otros factores como el adelanto de la entrada de producci\u00f3n de algunos pozos petroleros y las estimaciones de las obras de reconstrucci\u00f3n en las zonas afectadas por el terremoto, que obligaron a realizar nuevas previsiones. (I)<\/p>\n<p>&nbsp;<\/p>\n<p>Fuente: <a href=\"http:\/\/www.elcomercio.com\/actualidad\/economia-ecuador-contraera-bancocentral.html\">http:\/\/www.elcomercio.com\/actualidad\/economia-ecuador-contraera-bancocentral.html<\/a><\/p>\n<p>&nbsp;<\/p>\n<p>&nbsp;<\/p>\n","protected":false},"excerpt":{"rendered":"<p>Este a\u00f1o, la econom\u00eda ecuatoriana decrecer\u00e1 1,7%, seg\u00fan las estimaciones que el Banco Central del Ecuador (BCE) public\u00f3 ayer. Se trata del primer a\u00f1o de recesi\u00f3n en 17 a\u00f1os. El Producto Interno Bruto (PIB) alcanzar\u00eda, seg\u00fan la entidad, los USD 96 217 millones al cierre de este a\u00f1o. Incluso, la cifra es inferior al 0,6% que present\u00f3 Ecuador en el 2009, a\u00f1o de la crisis \u0098subprime\u0099 o de las hipotecas de EE.UU. que afect\u00f3 a todas las econom\u00edas del mundo. El -1,7% es la primera previsi\u00f3n del 2016, cuya presentaci\u00f3n estaba programada para el viernes 6 de mayo. Sin embargo, seg\u00fan Diego Mart\u00ednez, gerente del BCE, el terremoto del 16 de abril oblig\u00f3 a realizar nuevamente los c\u00e1lculos de las cuentas nacionales y se suspendi\u00f3 la publicaci\u00f3n. A esto se suma, dijo Mart\u00ednez, otros factores como el adelanto de la entrada de producci\u00f3n de algunos pozos petroleros y las estimaciones de las obras de reconstrucci\u00f3n en las zonas afectadas por el terremoto, que obligaron a realizar nuevas previsiones. (I) &nbsp; Fuente: http:\/\/www.elcomercio.com\/actualidad\/economia-ecuador-contraera-bancocentral.html &nbsp; &nbsp;<\/p>\n","protected":false},"author":1,"featured_media":240789,"comment_status":"open","ping_status":"open","sticky":false,"template":"","format":"standard","meta":[],"categories":[54,40],"tags":[],"_links":{"self":[{"href":"https:\/\/www.ecuadortimes.net\/es\/wp-json\/wp\/v2\/posts\/240788"}],"collection":[{"href":"https:\/\/www.ecuadortimes.net\/es\/wp-json\/wp\/v2\/posts"}],"about":[{"href":"https:\/\/www.ecuadortimes.net\/es\/wp-json\/wp\/v2\/types\/post"}],"author":[{"embeddable":true,"href":"https:\/\/www.ecuadortimes.net\/es\/wp-json\/wp\/v2\/users\/1"}],"replies":[{"embeddable":true,"href":"https:\/\/www.ecuadortimes.net\/es\/wp-json\/wp\/v2\/comments?post=240788"}],"version-history":[{"count":0,"href":"https:\/\/www.ecuadortimes.net\/es\/wp-json\/wp\/v2\/posts\/240788\/revisions"}],"wp:featuredmedia":[{"embeddable":true,"href":"https:\/\/www.ecuadortimes.net\/es\/wp-json\/wp\/v2\/media\/240789"}],"wp:attachment":[{"href":"https:\/\/www.ecuadortimes.net\/es\/wp-json\/wp\/v2\/media?parent=240788"}],"wp:term":[{"taxonomy":"category","embeddable":true,"href":"https:\/\/www.ecuadortimes.net\/es\/wp-json\/wp\/v2\/categories?post=240788"},{"taxonomy":"post_tag","embeddable":true,"href":"https:\/\/www.ecuadortimes.net\/es\/wp-json\/wp\/v2\/tags?post=240788"}],"curies":[{"name":"wp","href":"https:\/\/api.w.org\/{rel}","templated":true}]}}