{"id":240808,"date":"2016-09-05T00:00:00","date_gmt":"2016-09-05T00:00:00","guid":{"rendered":"https:\/\/www.ecuadortimes.net\/es\/a-exportadores-de-ecuador-les-preocupa-perder-mercado-en-europa\/"},"modified":"2016-09-05T00:00:00","modified_gmt":"2016-09-05T00:00:00","slug":"a-exportadores-de-ecuador-les-preocupa-perder-mercado-en-europa","status":"publish","type":"post","link":"https:\/\/www.ecuadortimes.net\/es\/a-exportadores-de-ecuador-les-preocupa-perder-mercado-en-europa\/","title":{"rendered":"A exportadores de Ecuador les preocupa perder mercado en Europa"},"content":{"rendered":"<p>&nbsp;<\/p>\n<p style=\"text-align: justify;\"><img loading=\"lazy\" class=\"alignnone size-full wp-image-180557\" src=\"https:\/\/www.ecuadortimes.net\/es\/wp-content\/uploads\/2016\/09\/exportadores-ecuadortimes.jpg\" alt=\"exportadores-ecuadortimes\" width=\"800\" height=\"450\" \/><\/p>\n<p style=\"text-align: justify;\">Sin las preferencias arancelarias en la <strong>Uni\u00f3n Europea<\/strong> (UE) que vencen en diciembre y sin el acuerdo comercial, los productos ecuatorianos enfrentar\u00edan una p\u00e9rdida de competitividad por m\u00e1s de $ 400 millones equivalentes en aranceles anuales, estima la <strong>Federaci\u00f3n Ecuatoriana de Exportadores<\/strong> (Fedexpor).<\/p>\n<p style=\"text-align: justify;\">\n<p style=\"text-align: justify;\">Por exportaci\u00f3n de jugos de frutas, por ejemplo, se tendr\u00eda que pagar 44,8%, ahora pagan 0%. Las conservas de at\u00fan 24%. El camar\u00f3n pasar\u00eda de 3,6% a 12%, lo que tendr\u00eda un costo de $ 8 millones por cada mes que no hay acuerdo, dice el presidente de la <strong>C\u00e1mara Nacional de Acuacultura<\/strong>, Jos\u00e9 Camposano.<\/p>\n<p style=\"text-align: justify;\">\n<p style=\"text-align: justify;\">Las empresas cuyo mercado principal es Europa se ver\u00edan afectadas por la ca\u00edda en ventas ya que no podr\u00edan asumir ese nivel de arancel\u009d, agrega.<\/p>\n<p style=\"text-align: justify;\">\n<p style=\"text-align: justify;\">Ricardo Herrera, presidente de la C\u00e1mara Ecuatoriana de Industriales y Procesadores Atuneros (Ceipa), conformada por unas 18 exportadoras atuneras que env\u00edan un 60% de su producci\u00f3n a Europa, sostuvo que ninguna podr\u00eda asumir el arancel de 24%. En el caso de Tecopesca, que dirige, indic\u00f3: Los costos arancelarios nuestros son demasiado altos y dentro de nuestra estructura de costos no estar\u00edan considerados como para poder ser competitivos en el mercado\u009d. (I)<\/p>\n<p>&nbsp;<\/p>\n<p>Fuente: \u00a0\u00a0\u00a0\u00a0\u00a0\u00a0\u00a0\u00a0\u00a0\u00a0\u00a0\u00a0\u00a0\u00a0\u00a0\u00a0 <a href=\"http:\/\/www.eluniverso.com\/noticias\/2016\/09\/05\/nota\/5783811\/exportadores-les-preocupa-perder-mercado\">http:\/\/www.eluniverso.com\/noticias\/2016\/09\/05\/nota\/5783811\/exportadores-les-preocupa-perder-mercado<\/a><\/p>\n","protected":false},"excerpt":{"rendered":"<p>&nbsp; Sin las preferencias arancelarias en la Uni\u00f3n Europea (UE) que vencen en diciembre y sin el acuerdo comercial, los productos ecuatorianos enfrentar\u00edan una p\u00e9rdida de competitividad por m\u00e1s de $ 400 millones equivalentes en aranceles anuales, estima la Federaci\u00f3n Ecuatoriana de Exportadores (Fedexpor). Por exportaci\u00f3n de jugos de frutas, por ejemplo, se tendr\u00eda que pagar 44,8%, ahora pagan 0%. Las conservas de at\u00fan 24%. El camar\u00f3n pasar\u00eda de 3,6% a 12%, lo que tendr\u00eda un costo de $ 8 millones por cada mes que no hay acuerdo, dice el presidente de la C\u00e1mara Nacional de Acuacultura, Jos\u00e9 Camposano. Las empresas cuyo mercado principal es Europa se ver\u00edan afectadas por la ca\u00edda en ventas ya que no podr\u00edan asumir ese nivel de arancel\u009d, agrega. Ricardo Herrera, presidente de la C\u00e1mara Ecuatoriana de Industriales y Procesadores Atuneros (Ceipa), conformada por unas 18 exportadoras atuneras que env\u00edan un 60% de su producci\u00f3n a Europa, sostuvo que ninguna podr\u00eda asumir el arancel de 24%. En el caso de Tecopesca, que dirige, indic\u00f3: Los costos arancelarios nuestros son demasiado altos y dentro de nuestra estructura de costos no estar\u00edan considerados como para poder ser competitivos en el mercado\u009d. (I) &nbsp; Fuente: \u00a0\u00a0\u00a0\u00a0\u00a0\u00a0\u00a0\u00a0\u00a0\u00a0\u00a0\u00a0\u00a0\u00a0\u00a0\u00a0 http:\/\/www.eluniverso.com\/noticias\/2016\/09\/05\/nota\/5783811\/exportadores-les-preocupa-perder-mercado<\/p>\n","protected":false},"author":1,"featured_media":240809,"comment_status":"open","ping_status":"open","sticky":false,"template":"","format":"standard","meta":[],"categories":[54,43],"tags":[],"_links":{"self":[{"href":"https:\/\/www.ecuadortimes.net\/es\/wp-json\/wp\/v2\/posts\/240808"}],"collection":[{"href":"https:\/\/www.ecuadortimes.net\/es\/wp-json\/wp\/v2\/posts"}],"about":[{"href":"https:\/\/www.ecuadortimes.net\/es\/wp-json\/wp\/v2\/types\/post"}],"author":[{"embeddable":true,"href":"https:\/\/www.ecuadortimes.net\/es\/wp-json\/wp\/v2\/users\/1"}],"replies":[{"embeddable":true,"href":"https:\/\/www.ecuadortimes.net\/es\/wp-json\/wp\/v2\/comments?post=240808"}],"version-history":[{"count":0,"href":"https:\/\/www.ecuadortimes.net\/es\/wp-json\/wp\/v2\/posts\/240808\/revisions"}],"wp:featuredmedia":[{"embeddable":true,"href":"https:\/\/www.ecuadortimes.net\/es\/wp-json\/wp\/v2\/media\/240809"}],"wp:attachment":[{"href":"https:\/\/www.ecuadortimes.net\/es\/wp-json\/wp\/v2\/media?parent=240808"}],"wp:term":[{"taxonomy":"category","embeddable":true,"href":"https:\/\/www.ecuadortimes.net\/es\/wp-json\/wp\/v2\/categories?post=240808"},{"taxonomy":"post_tag","embeddable":true,"href":"https:\/\/www.ecuadortimes.net\/es\/wp-json\/wp\/v2\/tags?post=240808"}],"curies":[{"name":"wp","href":"https:\/\/api.w.org\/{rel}","templated":true}]}}