{"id":240958,"date":"2016-09-14T00:00:00","date_gmt":"2016-09-14T00:00:00","guid":{"rendered":"https:\/\/www.ecuadortimes.net\/es\/salinas-sede-de-festival-global-de-gastronomia\/"},"modified":"2016-09-14T00:00:00","modified_gmt":"2016-09-14T00:00:00","slug":"salinas-sede-de-festival-global-de-gastronomia","status":"publish","type":"post","link":"https:\/\/www.ecuadortimes.net\/es\/salinas-sede-de-festival-global-de-gastronomia\/","title":{"rendered":"Salinas, sede de festival global de gastronom\u00eda"},"content":{"rendered":"<p style=\"text-align: justify;\"><img loading=\"lazy\" class=\"alignnone size-full wp-image-180868\" src=\"https:\/\/www.ecuadortimes.net\/es\/wp-content\/uploads\/2016\/09\/SALINAS-FESTIVAL-GASTRONOMICO-ECUADORTIMES.jpg\" alt=\"SALINAS-FESTIVAL GASTRONOMICO-ECUADORTIMES\" width=\"762\" height=\"428\" \/><\/p>\n<p style=\"text-align: justify;\">Veinte chefs de diferentes pa\u00edses de <strong>Am\u00e9rica<\/strong> y <strong>Europa<\/strong> participar\u00e1n los d\u00edas 16 y 17 de septiembre del primer congreso internacional de gastronom\u00eda Spondylus 2016\u009d, que se desarrollar\u00e1 en el balneario de Salinas en la provincia de Santa Elena.<\/p>\n<p style=\"text-align: justify;\">\n<p style=\"text-align: justify;\">Los chefs provenientes de <strong>Colombia<\/strong>, <strong>Venezuela<\/strong>, <strong>Per\u00fa<\/strong>, <strong>Chile<\/strong>, <strong>Espa\u00f1a<\/strong>, <strong>Italia<\/strong> y <strong>Ecuador<\/strong> expondr\u00e1n los diferentes platos tradicionales de cada uno de sus pa\u00edses. Adem\u00e1s, efectuar\u00e1n una presentaci\u00f3n de cocina en vivo para que los asistentes puedan observar a los expertos trabajar en plena acci\u00f3n.<\/p>\n<p style=\"text-align: justify;\">\n<p style=\"text-align: justify;\">Roberto Rabotti de la red acad\u00e9mica gastron\u00f3mica del Ecuador, una de las instituciones organizadoras del evento, se\u00f1al\u00f3 que entre los chefs invitados estar\u00e1 presente Juan Hassan, uno de los pioneros en convertir a las islas Margaritas (Venezuela) como destino gastron\u00f3mico en Am\u00e9rica del sur.<\/p>\n<p>&nbsp;<\/p>\n<p>Para la cita se acondicionar\u00e1 un sal\u00f3n del hotel Barcel\u00f3 Col\u00f3n Miramar, en donde adem\u00e1s de las ponencias habr\u00e1 stands de artesan\u00edas propias de la zona. (I)<\/p>\n<p>&nbsp;<\/p>\n<p>Fuente: <a href=\"http:\/\/expreso.ec\/actualidad\/gastronomia-salinas-festival-ecuador-ED674789\">http:\/\/expreso.ec\/actualidad\/gastronomia-salinas-festival-ecuador-ED674789<\/a><\/p>\n<p>&nbsp;<\/p>\n<p>&nbsp;<\/p>\n","protected":false},"excerpt":{"rendered":"<p>Veinte chefs de diferentes pa\u00edses de Am\u00e9rica y Europa participar\u00e1n los d\u00edas 16 y 17 de septiembre del primer congreso internacional de gastronom\u00eda Spondylus 2016\u009d, que se desarrollar\u00e1 en el balneario de Salinas en la provincia de Santa Elena. Los chefs provenientes de Colombia, Venezuela, Per\u00fa, Chile, Espa\u00f1a, Italia y Ecuador expondr\u00e1n los diferentes platos tradicionales de cada uno de sus pa\u00edses. Adem\u00e1s, efectuar\u00e1n una presentaci\u00f3n de cocina en vivo para que los asistentes puedan observar a los expertos trabajar en plena acci\u00f3n. Roberto Rabotti de la red acad\u00e9mica gastron\u00f3mica del Ecuador, una de las instituciones organizadoras del evento, se\u00f1al\u00f3 que entre los chefs invitados estar\u00e1 presente Juan Hassan, uno de los pioneros en convertir a las islas Margaritas (Venezuela) como destino gastron\u00f3mico en Am\u00e9rica del sur. &nbsp; Para la cita se acondicionar\u00e1 un sal\u00f3n del hotel Barcel\u00f3 Col\u00f3n Miramar, en donde adem\u00e1s de las ponencias habr\u00e1 stands de artesan\u00edas propias de la zona. (I) &nbsp; Fuente: http:\/\/expreso.ec\/actualidad\/gastronomia-salinas-festival-ecuador-ED674789 &nbsp; &nbsp;<\/p>\n","protected":false},"author":1,"featured_media":240959,"comment_status":"open","ping_status":"open","sticky":false,"template":"","format":"standard","meta":[],"categories":[47],"tags":[],"_links":{"self":[{"href":"https:\/\/www.ecuadortimes.net\/es\/wp-json\/wp\/v2\/posts\/240958"}],"collection":[{"href":"https:\/\/www.ecuadortimes.net\/es\/wp-json\/wp\/v2\/posts"}],"about":[{"href":"https:\/\/www.ecuadortimes.net\/es\/wp-json\/wp\/v2\/types\/post"}],"author":[{"embeddable":true,"href":"https:\/\/www.ecuadortimes.net\/es\/wp-json\/wp\/v2\/users\/1"}],"replies":[{"embeddable":true,"href":"https:\/\/www.ecuadortimes.net\/es\/wp-json\/wp\/v2\/comments?post=240958"}],"version-history":[{"count":0,"href":"https:\/\/www.ecuadortimes.net\/es\/wp-json\/wp\/v2\/posts\/240958\/revisions"}],"wp:featuredmedia":[{"embeddable":true,"href":"https:\/\/www.ecuadortimes.net\/es\/wp-json\/wp\/v2\/media\/240959"}],"wp:attachment":[{"href":"https:\/\/www.ecuadortimes.net\/es\/wp-json\/wp\/v2\/media?parent=240958"}],"wp:term":[{"taxonomy":"category","embeddable":true,"href":"https:\/\/www.ecuadortimes.net\/es\/wp-json\/wp\/v2\/categories?post=240958"},{"taxonomy":"post_tag","embeddable":true,"href":"https:\/\/www.ecuadortimes.net\/es\/wp-json\/wp\/v2\/tags?post=240958"}],"curies":[{"name":"wp","href":"https:\/\/api.w.org\/{rel}","templated":true}]}}