{"id":241006,"date":"2016-09-19T00:00:00","date_gmt":"2016-09-19T00:00:00","guid":{"rendered":"https:\/\/www.ecuadortimes.net\/es\/alemania-es-el-pais-de-la-ue-que-compra-mas-a-ecuador\/"},"modified":"2016-09-19T00:00:00","modified_gmt":"2016-09-19T00:00:00","slug":"alemania-es-el-pais-de-la-ue-que-compra-mas-a-ecuador","status":"publish","type":"post","link":"https:\/\/www.ecuadortimes.net\/es\/alemania-es-el-pais-de-la-ue-que-compra-mas-a-ecuador\/","title":{"rendered":"Alemania es el pa\u00eds de la UE que compra m\u00e1s a Ecuador"},"content":{"rendered":"<div>\n<div><img loading=\"lazy\" class=\"wp-image-180962 aligncenter\" src=\"https:\/\/www.ecuadortimes.net\/es\/wp-content\/uploads\/2016\/09\/ALEMANIA_ECUADOR_ECUADORTIMES.NET_-300x167.jpeg\" alt=\"alemania_ecuador_ecuadortimes-net\" width=\"380\" height=\"240\" \/><\/div>\n<div><\/div>\n<div>El sabor y el verde profundo del br\u00f3coli abri\u00f3 el mercado europeo a la exportadora Ecofroz, que comenz\u00f3 a enviar el producto congelado en 1996. Las instalaciones de esta empresa est\u00e1n en la zona Potreros Altos, en la parroquia Aloas\u00ed, en el sur de Pichincha. A 3 000 metros sobre el nivel del mar 900 personas trabajan para que el producto llegue a perchas de supermercados, restaurantes, hoteles de Alemania, Inglaterra, B\u00e9lgica, Holanda, etc.<\/div>\n<div><\/div>\n<div>Ingresar al mercado europeo, a decir de Rodrigo Darquea, gerente general de la firma, fue un proceso que se abri\u00f3 naturalmente\u009d, por la alta demanda del producto y la escasa competencia que exist\u00eda hace un par de d\u00e9cadas. El primer comprador en la Uni\u00f3n Europa (UE) fue de Alemania, un pa\u00eds que se ha consolidado como el principal destino para los productos ecuatorianos desde el a\u00f1o pasado hasta la fecha. De enero a julio del 2016, las exportaciones a ese pa\u00eds sumaron USD 328 millones; es decir el 19,8% del total exportado a la UE (I).<\/p>\n<\/div>\n<\/div>\n<div>Fuente: <a href=\"http:\/\/www.elcomercio.com\/actualidad\/alemania-comprador-productos-ecuador-unioneuropea.html\">http:\/\/www.elcomercio.com\/actualidad\/alemania-comprador-productos-ecuador-unioneuropea.html<\/a><\/div>\n","protected":false},"excerpt":{"rendered":"<p>El sabor y el verde profundo del br\u00f3coli abri\u00f3 el mercado europeo a la exportadora Ecofroz, que comenz\u00f3 a enviar el producto congelado en 1996. Las instalaciones de esta empresa est\u00e1n en la zona Potreros Altos, en la parroquia Aloas\u00ed, en el sur de Pichincha. A 3 000 metros sobre el nivel del mar 900 personas trabajan para que el producto llegue a perchas de supermercados, restaurantes, hoteles de Alemania, Inglaterra, B\u00e9lgica, Holanda, etc. Ingresar al mercado europeo, a decir de Rodrigo Darquea, gerente general de la firma, fue un proceso que se abri\u00f3 naturalmente\u009d, por la alta demanda del producto y la escasa competencia que exist\u00eda hace un par de d\u00e9cadas. El primer comprador en la Uni\u00f3n Europa (UE) fue de Alemania, un pa\u00eds que se ha consolidado como el principal destino para los productos ecuatorianos desde el a\u00f1o pasado hasta la fecha. De enero a julio del 2016, las exportaciones a ese pa\u00eds sumaron USD 328 millones; es decir el 19,8% del total exportado a la UE (I). Fuente: http:\/\/www.elcomercio.com\/actualidad\/alemania-comprador-productos-ecuador-unioneuropea.html<\/p>\n","protected":false},"author":1,"featured_media":241007,"comment_status":"open","ping_status":"open","sticky":false,"template":"","format":"standard","meta":[],"categories":[54,32,33],"tags":[],"_links":{"self":[{"href":"https:\/\/www.ecuadortimes.net\/es\/wp-json\/wp\/v2\/posts\/241006"}],"collection":[{"href":"https:\/\/www.ecuadortimes.net\/es\/wp-json\/wp\/v2\/posts"}],"about":[{"href":"https:\/\/www.ecuadortimes.net\/es\/wp-json\/wp\/v2\/types\/post"}],"author":[{"embeddable":true,"href":"https:\/\/www.ecuadortimes.net\/es\/wp-json\/wp\/v2\/users\/1"}],"replies":[{"embeddable":true,"href":"https:\/\/www.ecuadortimes.net\/es\/wp-json\/wp\/v2\/comments?post=241006"}],"version-history":[{"count":0,"href":"https:\/\/www.ecuadortimes.net\/es\/wp-json\/wp\/v2\/posts\/241006\/revisions"}],"wp:featuredmedia":[{"embeddable":true,"href":"https:\/\/www.ecuadortimes.net\/es\/wp-json\/wp\/v2\/media\/241007"}],"wp:attachment":[{"href":"https:\/\/www.ecuadortimes.net\/es\/wp-json\/wp\/v2\/media?parent=241006"}],"wp:term":[{"taxonomy":"category","embeddable":true,"href":"https:\/\/www.ecuadortimes.net\/es\/wp-json\/wp\/v2\/categories?post=241006"},{"taxonomy":"post_tag","embeddable":true,"href":"https:\/\/www.ecuadortimes.net\/es\/wp-json\/wp\/v2\/tags?post=241006"}],"curies":[{"name":"wp","href":"https:\/\/api.w.org\/{rel}","templated":true}]}}