{"id":241271,"date":"2016-10-10T00:00:00","date_gmt":"2016-10-10T00:00:00","guid":{"rendered":"https:\/\/www.ecuadortimes.net\/es\/refineria-correa-pide-vincular-a-empresarios\/"},"modified":"2016-10-10T00:00:00","modified_gmt":"2016-10-10T00:00:00","slug":"refineria-correa-pide-vincular-a-empresarios","status":"publish","type":"post","link":"https:\/\/www.ecuadortimes.net\/es\/refineria-correa-pide-vincular-a-empresarios\/","title":{"rendered":"Refiner\u00eda: Correa pide vincular a empresarios"},"content":{"rendered":"<p>&nbsp;<\/p>\n<p><img loading=\"lazy\" class=\"alignnone size-full wp-image-181472\" src=\"https:\/\/www.ecuadortimes.net\/es\/wp-content\/uploads\/2016\/10\/CORREA-ECUADORTIMES.jpg\" alt=\"correa-ecuadortimes\" width=\"762\" height=\"428\" \/><\/p>\n<p>El presidente de la Rep\u00fablica, <strong>Rafael Correa<\/strong>, volvi\u00f3 a disculparse por los actos de corrupci\u00f3n que se encontraron en la repotenciaci\u00f3n de la Refiner\u00eda de Esmeraldas, que involucra a exfuncionarios del actual Gobierno.<\/p>\n<p>&nbsp;<\/p>\n<p>A sus ojos, este ha sido el acto m\u00e1s grave de corrupci\u00f3n que se ha presentado en los 10 a\u00f1os de la revoluci\u00f3n ciudadana.<\/p>\n<p>&nbsp;<\/p>\n<p>Lo dijo en el enlace 495 que se cumpli\u00f3 en el sector del Calzado, en el sur de Quito. Correa aprovech\u00f3 el espacio para hacer una exigencia. Orden\u00f3 que se vincule a los empresarios que entregaron las coimas.<\/p>\n<p>&nbsp;<\/p>\n<p>Tienen que ser responsables los empresarios que dieron esas coimas, porque son parte de la corrupci\u00f3n, y hay una docena de empresarios que han dado esas coimas\u009d.<\/p>\n<p>&nbsp;<\/p>\n<p>Volvi\u00f3 a lamentar que en este caso est\u00e9 involucrado el exministro de Hidrocarburos y exgerente de Petroecuador, Carlos Pareja Yannuzzelli, a quien se le detect\u00f3 que en sus cuentas bancarias aparece un dep\u00f3sito de un mill\u00f3n de d\u00f3lares, seg\u00fan hab\u00eda dicho el secretario jur\u00eddico de la Presidencia de la Rep\u00fablica, Alexis Mera. Aunque la oposici\u00f3n se\u00f1ala haberlo denunciado hace meses. (I)<\/p>\n<p>&nbsp;<\/p>\n<p>Fuente: <a href=\"http:\/\/expreso.ec\/actualidad\/refineria-correa-pide-vincular-empresarios-GY753448\">http:\/\/expreso.ec\/actualidad\/refineria-correa-pide-vincular-empresarios-GY753448<\/a><\/p>\n","protected":false},"excerpt":{"rendered":"<p>&nbsp; El presidente de la Rep\u00fablica, Rafael Correa, volvi\u00f3 a disculparse por los actos de corrupci\u00f3n que se encontraron en la repotenciaci\u00f3n de la Refiner\u00eda de Esmeraldas, que involucra a exfuncionarios del actual Gobierno. &nbsp; A sus ojos, este ha sido el acto m\u00e1s grave de corrupci\u00f3n que se ha presentado en los 10 a\u00f1os de la revoluci\u00f3n ciudadana. &nbsp; Lo dijo en el enlace 495 que se cumpli\u00f3 en el sector del Calzado, en el sur de Quito. Correa aprovech\u00f3 el espacio para hacer una exigencia. Orden\u00f3 que se vincule a los empresarios que entregaron las coimas. &nbsp; Tienen que ser responsables los empresarios que dieron esas coimas, porque son parte de la corrupci\u00f3n, y hay una docena de empresarios que han dado esas coimas\u009d. &nbsp; Volvi\u00f3 a lamentar que en este caso est\u00e9 involucrado el exministro de Hidrocarburos y exgerente de Petroecuador, Carlos Pareja Yannuzzelli, a quien se le detect\u00f3 que en sus cuentas bancarias aparece un dep\u00f3sito de un mill\u00f3n de d\u00f3lares, seg\u00fan hab\u00eda dicho el secretario jur\u00eddico de la Presidencia de la Rep\u00fablica, Alexis Mera. Aunque la oposici\u00f3n se\u00f1ala haberlo denunciado hace meses. (I) &nbsp; Fuente: http:\/\/expreso.ec\/actualidad\/refineria-correa-pide-vincular-empresarios-GY753448<\/p>\n","protected":false},"author":1,"featured_media":241272,"comment_status":"open","ping_status":"open","sticky":false,"template":"","format":"standard","meta":[],"categories":[54,40],"tags":[],"_links":{"self":[{"href":"https:\/\/www.ecuadortimes.net\/es\/wp-json\/wp\/v2\/posts\/241271"}],"collection":[{"href":"https:\/\/www.ecuadortimes.net\/es\/wp-json\/wp\/v2\/posts"}],"about":[{"href":"https:\/\/www.ecuadortimes.net\/es\/wp-json\/wp\/v2\/types\/post"}],"author":[{"embeddable":true,"href":"https:\/\/www.ecuadortimes.net\/es\/wp-json\/wp\/v2\/users\/1"}],"replies":[{"embeddable":true,"href":"https:\/\/www.ecuadortimes.net\/es\/wp-json\/wp\/v2\/comments?post=241271"}],"version-history":[{"count":0,"href":"https:\/\/www.ecuadortimes.net\/es\/wp-json\/wp\/v2\/posts\/241271\/revisions"}],"wp:featuredmedia":[{"embeddable":true,"href":"https:\/\/www.ecuadortimes.net\/es\/wp-json\/wp\/v2\/media\/241272"}],"wp:attachment":[{"href":"https:\/\/www.ecuadortimes.net\/es\/wp-json\/wp\/v2\/media?parent=241271"}],"wp:term":[{"taxonomy":"category","embeddable":true,"href":"https:\/\/www.ecuadortimes.net\/es\/wp-json\/wp\/v2\/categories?post=241271"},{"taxonomy":"post_tag","embeddable":true,"href":"https:\/\/www.ecuadortimes.net\/es\/wp-json\/wp\/v2\/tags?post=241271"}],"curies":[{"name":"wp","href":"https:\/\/api.w.org\/{rel}","templated":true}]}}