{"id":241288,"date":"2016-10-11T00:00:00","date_gmt":"2016-10-11T00:00:00","guid":{"rendered":"https:\/\/www.ecuadortimes.net\/es\/aprobado-el-informe-final-de-los-dhruv-despues-de-veinte-meses\/"},"modified":"2016-10-11T00:00:00","modified_gmt":"2016-10-11T00:00:00","slug":"aprobado-el-informe-final-de-los-dhruv-despues-de-veinte-meses","status":"publish","type":"post","link":"https:\/\/www.ecuadortimes.net\/es\/aprobado-el-informe-final-de-los-dhruv-despues-de-veinte-meses\/","title":{"rendered":"Aprobado el informe final de los Dhruv despu\u00e9s de veinte meses"},"content":{"rendered":"<p>Est\u00e1 listo el informe definitivo sobre el caso de los helic\u00f3pteros\u00a0<b>Dhruv<\/b>. La <b>Comisi\u00f3n de Relaciones Internacionales <\/b>se tom\u00f3 un a\u00f1o y ocho meses para trabajar sobre el tema.<\/p>\n<p>En el informe preliminar, que public\u00f3 este Diario, la mesa concluye que no hay ning\u00fan responsable de la compra de las siete naves de la India. De ellas, cuatro se accidentaron y dejaron 11 heridos y tres muertos\u009d.<\/p>\n<p>Tampoco encuentra ninguna relaci\u00f3n entre el asesinato del exgeneral de la <b>FAE Jorge Gabela <\/b>y la compra de los helic\u00f3pteros.<\/p>\n<p>Diego Salgado, legislador de <b>CREO<\/b> que ha investigado el tema durante varios meses, rechaz\u00f3 el informe final porque es escueto\u009d, subray\u00f3. \u00c3\u0089l present\u00f3 un reporte de minor\u00eda, con ocho conclusiones: la oferta de la India no cumpl\u00eda con los requisitos del contrato; la recepci\u00f3n de las naves fue irregular. Seg\u00fan \u00e9l, el pago de seguros no est\u00e1 claro. (I)<\/p>\n<p>&nbsp;<\/p>\n<p>Fuente: \u00a0<a href=\"http:\/\/expreso.ec\/actualidad\/asamblea-informes-dhruv-fae-XI758635\">http:\/\/expreso.ec\/actualidad\/asamblea-informes-dhruv-fae-XI758635<\/a><\/p>\n<p>&nbsp;<\/p>\n","protected":false},"excerpt":{"rendered":"<p>Est\u00e1 listo el informe definitivo sobre el caso de los helic\u00f3pteros\u00a0Dhruv. La Comisi\u00f3n de Relaciones Internacionales se tom\u00f3 un a\u00f1o y ocho meses para trabajar sobre el tema. En el informe preliminar, que public\u00f3 este Diario, la mesa concluye que no hay ning\u00fan responsable de la compra de las siete naves de la India. De ellas, cuatro se accidentaron y dejaron 11 heridos y tres muertos\u009d. Tampoco encuentra ninguna relaci\u00f3n entre el asesinato del exgeneral de la FAE Jorge Gabela y la compra de los helic\u00f3pteros. Diego Salgado, legislador de CREO que ha investigado el tema durante varios meses, rechaz\u00f3 el informe final porque es escueto\u009d, subray\u00f3. \u00c3\u0089l present\u00f3 un reporte de minor\u00eda, con ocho conclusiones: la oferta de la India no cumpl\u00eda con los requisitos del contrato; la recepci\u00f3n de las naves fue irregular. Seg\u00fan \u00e9l, el pago de seguros no est\u00e1 claro. (I) &nbsp; Fuente: \u00a0http:\/\/expreso.ec\/actualidad\/asamblea-informes-dhruv-fae-XI758635 &nbsp;<\/p>\n","protected":false},"author":1,"featured_media":241289,"comment_status":"open","ping_status":"open","sticky":false,"template":"","format":"standard","meta":[],"categories":[40],"tags":[],"_links":{"self":[{"href":"https:\/\/www.ecuadortimes.net\/es\/wp-json\/wp\/v2\/posts\/241288"}],"collection":[{"href":"https:\/\/www.ecuadortimes.net\/es\/wp-json\/wp\/v2\/posts"}],"about":[{"href":"https:\/\/www.ecuadortimes.net\/es\/wp-json\/wp\/v2\/types\/post"}],"author":[{"embeddable":true,"href":"https:\/\/www.ecuadortimes.net\/es\/wp-json\/wp\/v2\/users\/1"}],"replies":[{"embeddable":true,"href":"https:\/\/www.ecuadortimes.net\/es\/wp-json\/wp\/v2\/comments?post=241288"}],"version-history":[{"count":0,"href":"https:\/\/www.ecuadortimes.net\/es\/wp-json\/wp\/v2\/posts\/241288\/revisions"}],"wp:featuredmedia":[{"embeddable":true,"href":"https:\/\/www.ecuadortimes.net\/es\/wp-json\/wp\/v2\/media\/241289"}],"wp:attachment":[{"href":"https:\/\/www.ecuadortimes.net\/es\/wp-json\/wp\/v2\/media?parent=241288"}],"wp:term":[{"taxonomy":"category","embeddable":true,"href":"https:\/\/www.ecuadortimes.net\/es\/wp-json\/wp\/v2\/categories?post=241288"},{"taxonomy":"post_tag","embeddable":true,"href":"https:\/\/www.ecuadortimes.net\/es\/wp-json\/wp\/v2\/tags?post=241288"}],"curies":[{"name":"wp","href":"https:\/\/api.w.org\/{rel}","templated":true}]}}