{"id":243908,"date":"2017-06-12T00:00:00","date_gmt":"2017-06-12T00:00:00","guid":{"rendered":"https:\/\/www.ecuadortimes.net\/es\/supuesta-corrupcion-salpica-areas-estrategicas-de-ecuador\/"},"modified":"2017-06-12T00:00:00","modified_gmt":"2017-06-12T00:00:00","slug":"supuesta-corrupcion-salpica-areas-estrategicas-de-ecuador","status":"publish","type":"post","link":"https:\/\/www.ecuadortimes.net\/es\/supuesta-corrupcion-salpica-areas-estrategicas-de-ecuador\/","title":{"rendered":"Supuesta corrupci\u00f3n salpica \u00e1reas estrat\u00e9gicas de Ecuador"},"content":{"rendered":"<p>&nbsp;<\/p>\n<p><img loading=\"lazy\" class=\"size-full wp-image-186717 aligncenter\" src=\"https:\/\/www.ecuadortimes.net\/es\/wp-content\/uploads\/2017\/06\/ECUADORTIMES_ECUADORNEWS_SUPUESTA_CORRUPCION_SALPICA_AREAS-ESTRATEGICAS.jpg\" alt=\"\" width=\"609\" height=\"450\" \/><\/p>\n<p>&nbsp;<\/p>\n<p>En medio del estallido del caso Odebrecht en Ecuador en los \u00faltimos d\u00edas, el vicepresidente de la Rep\u00fablica,<a href=\"http:\/\/www.eluniverso.com\/tema\/jorge-glas-espinel\"> Jorge Glas Espinel<\/a>, sale a defenderse. <a href=\"http:\/\/www.eluniverso.com\/noticias\/2017\/06\/07\/nota\/6219169\/glas-dice-que-no-solia-hablar-ni-ver-su-tio\">Lo hace a trav\u00e9s de los medios, en entrevistas, y porque su t\u00edo est\u00e1 involucrado.<\/a> No es la primera vez, pues en la \u00faltima d\u00e9cada se han dado otras denuncias de supuestos actos de corrupci\u00f3n en los cuales lo han mencionado o se han tomado su nombre.<\/p>\n<p>Pas\u00f3 con el caso de la coima que habr\u00eda entregado una contratista estatal a la que era <a href=\"http:\/\/www.eluniverso.com\/noticias\/2016\/07\/18\/nota\/5697201\/cnj-resolvera-pedido-apelacion-galvan\">asamble\u00edsta de Esmeraldas, Esperanza Galv\u00e1n, a cambio de un contrato de un proyecto de agua en esa provincia<\/a>. Ella admiti\u00f3 en un video que se tom\u00f3 el nombre del Vicepresidente como medida de presi\u00f3n\u009d para exigir el pago de $ 800 mil. Este se\u00f1or a lo suave no iba a entregar nada\u009d, afirm\u00f3 en referencia al que fuera gerente de la empresa de agua potable de Esmeraldas, Miguel Salvatierra. Ambos terminaron sentenciados por el delito de cohecho tras ser detenidos el 24 de mayo de 2015. Un d\u00eda despu\u00e9s, Glas negaba en rueda de prensa su participaci\u00f3n y recalc\u00f3 que fue \u00e9l quien denunci\u00f3 el caso ante la Fiscal\u00eda: Presuntamente la asamble\u00edsta&#8230; habr\u00eda solicitado este dinero&#8230; tom\u00e1ndose el nombre del vicepresidente\u009d.<\/p>\n<p>En otro caso, la Fiscal\u00eda investig\u00f3 desde octubre pasado a un exasesor de Glas, Marcos P., acusado de cobrar $ 200 mil a cambio de dar una frecuencia. En respuestas enviadas v\u00eda <em>e-mail<\/em> a este Diario, el 22 de diciembre, Glas afirmaba sobre ambos casos que quienes piden dinero no solamente se han tomado su nombre: Tambi\u00e9n se toman el nombre de otras autoridades, incluso del presidente (Rafael Correa), ministros de Estado, alcaldes\u009d. <a href=\"http:\/\/www.eluniverso.com\/noticias\/2017\/02\/01\/nota\/6027445\/juez-llama-juicio-tres-involucrados-supuesta-oferta-frecuencias\">En el caso de frecuencias la Fiscal\u00eda emiti\u00f3 un dictamen abstentivo<\/a>.<\/p>\n<p>Otra reacci\u00f3n de negaci\u00f3n ocurri\u00f3 en enero del 2015 cuando el entonces asamble\u00edsta Andr\u00e9s P\u00e1ez pidi\u00f3 investigar supuestas transacciones a favor de los empresarios Jos\u00e9 A. y Ricardo R., t\u00edo de Glas, a trav\u00e9s de firmas en para\u00edsos fiscales por $ 22,8 millones. Presunta coima que habr\u00eda dado un <em>holding<\/em> de telecomunicaciones a cambio de una licencia para instalar un cable submarino.<\/p>\n<p><em>Lea tambi\u00e9n<\/em>: <a href=\"http:\/\/www.eluniverso.com\/noticias\/2017\/06\/08\/nota\/6221449\/glas-sera-llamado-comision-legislativa-odebrecht\">Jorge Glas ser\u00e1 llamado a comisi\u00f3n legislativa por Odebrecht<\/a><\/p>\n<p>A trav\u00e9s de un comunicado, Glas rechaz\u00f3 las acusaciones de P\u00e1ez y advirti\u00f3 con iniciar acciones legales contra quienes afecten su honra y reputaci\u00f3n. Y en el enlace sabatino del 8 de enero de 2015 dijo: No voy a permitir que nadie ponga sombra sobre mi nombre\u009d.<\/p>\n<p>Ricardo R., quien fue intendente de telecomunicaciones en los inicios del r\u00e9gimen de Correa cuando Glas era presidente del Fondo de Solidaridad, reaparecer\u00eda m\u00e1s de dos a\u00f1os despu\u00e9s. <a href=\"http:\/\/Jorge%20Glas%20niega%20haber%20sido%20parte%20de%20alg%C3%BAn%20proceso%20de%20contrataci%C3%B3n%20con%20Odebrecht\/\">La Fiscal\u00eda ahora lo acusa de recibir $ 13 millones que le habr\u00eda entregado la constructora brasile\u00f1a Norberto Odebrecht<\/a> vali\u00e9ndose de su parentesco con un funcionario de estado\u009d, seg\u00fan se dijo en la audiencia, a cambio de contratos para ejecutar varias obras estatales.<\/p>\n<p>Desde el inicio del r\u00e9gimen de Correa, Glas, primero como alto funcionario y ministro; y luego como vicepresidente, ha estado a cargo de los sectores estrat\u00e9gicos en el \u00e1rea el\u00e9ctrica, de telecomunicaciones, petrolera, minera.<\/p>\n<p><em>Lea tambi\u00e9n<\/em>: <a href=\"http:\/\/www.eluniverso.com\/noticias\/2017\/05\/26\/nota\/6200497\/jorge-glas-seis-atribuciones-menos-ejercer-vicepresidencia\">Jorge Glas, con seis atribuciones menos para ejercer Vicepresidencia<\/a><\/p>\n<p>De ah\u00ed su menci\u00f3n en el entramado del supuesto sobreprecio en la repotenciaci\u00f3n de la refiner\u00eda de Esmeraldas. Esto luego de que en los <a href=\"http:\/\/www.eluniverso.com\/tema\/panamapapers\">\u0098Papeles de Panam\u00e1\u0099<\/a>aparezcan <a href=\"http:\/\/www.eluniverso.com\/tema\/alex-bravo-panchano\">\u00c3\u0081lex Bravo (detenido), exgerente de Petroecuador<\/a>, y <a href=\"http:\/\/www.eluniverso.com\/tema\/carlos-pareja-yannuzzelli\">Carlos Pareja Yannuzzelli (pr\u00f3fugo), exministro de Hidrocarburos.<\/a><\/p>\n<p>Ambos fueron sentenciados por cohecho. El primero habr\u00eda recibido $ 12 millones a trav\u00e9s de su compa\u00f1\u00eda <em>off shore<\/em> como comisiones de empresas que se beneficiaban de contratos con la estatal petrolera y el segundo, otros dos millones. Fue Pareja Yannuzzelli quien en uno de sus primeros videos que graba en Estados Unidos y publica en Twitter desde febrero pasado dijo: En Petroecuador no se hac\u00eda absolutamente nada que no haya tenido el visto bueno de Jorge Glas\u009d.<\/p>\n<p>El vicepresidente dijo esta semana que no coincide con Correa con respecto a reconocer la responsabilidad pol\u00edtica de la corrupci\u00f3n, aunque agreg\u00f3: Bueno, responsabilidad pol\u00edtica de la designaci\u00f3n s\u00ed\u009d, sobre los funcionarios involucrados en los casos. (I)<\/p>\n<p>&nbsp;<\/p>\n<p><strong>Fuente:<\/strong> <a href=\"http:\/\/www.eluniverso.com\/noticias\/2017\/06\/11\/nota\/6224902\/supuesta-corrupcion-salpica-areas-estrategicas\">http:\/\/www.eluniverso.com\/noticias\/2017\/06\/11\/nota\/6224902\/supuesta-corrupcion-salpica-areas-estrategicas<\/a><\/p>\n","protected":false},"excerpt":{"rendered":"<p>&nbsp; &nbsp; En medio del estallido del caso Odebrecht en Ecuador en los \u00faltimos d\u00edas, el vicepresidente de la Rep\u00fablica, Jorge Glas Espinel, sale a defenderse. Lo hace a trav\u00e9s de los medios, en entrevistas, y porque su t\u00edo est\u00e1 involucrado. No es la primera vez, pues en la \u00faltima d\u00e9cada se han dado otras denuncias de supuestos actos de corrupci\u00f3n en los cuales lo han mencionado o se han tomado su nombre. Pas\u00f3 con el caso de la coima que habr\u00eda entregado una contratista estatal a la que era asamble\u00edsta de Esmeraldas, Esperanza Galv\u00e1n, a cambio de un contrato de un proyecto de agua en esa provincia. Ella admiti\u00f3 en un video que se tom\u00f3 el nombre del Vicepresidente como medida de presi\u00f3n\u009d para exigir el pago de $ 800 mil. Este se\u00f1or a lo suave no iba a entregar nada\u009d, afirm\u00f3 en referencia al que fuera gerente de la empresa de agua potable de Esmeraldas, Miguel Salvatierra. Ambos terminaron sentenciados por el delito de cohecho tras ser detenidos el 24 de mayo de 2015. Un d\u00eda despu\u00e9s, Glas negaba en rueda de prensa su participaci\u00f3n y recalc\u00f3 que fue \u00e9l quien denunci\u00f3 el caso ante la Fiscal\u00eda: Presuntamente la asamble\u00edsta&#8230; habr\u00eda solicitado este dinero&#8230; tom\u00e1ndose el nombre del vicepresidente\u009d. En otro caso, la Fiscal\u00eda investig\u00f3 desde octubre pasado a un exasesor de Glas, Marcos P., acusado de cobrar $ 200 mil a cambio de dar una frecuencia. En respuestas enviadas v\u00eda e-mail a este Diario, el 22 de diciembre, Glas afirmaba sobre ambos casos que quienes piden dinero no solamente se han tomado su nombre: Tambi\u00e9n se toman el nombre de otras autoridades, incluso del presidente (Rafael Correa), ministros de Estado, alcaldes\u009d. En el caso de frecuencias la Fiscal\u00eda emiti\u00f3 un dictamen abstentivo. Otra reacci\u00f3n de negaci\u00f3n ocurri\u00f3 en enero del 2015 cuando el entonces asamble\u00edsta Andr\u00e9s P\u00e1ez pidi\u00f3 investigar supuestas transacciones a favor de los empresarios Jos\u00e9 A. y Ricardo R., t\u00edo de Glas, a trav\u00e9s de firmas en para\u00edsos fiscales por $ 22,8 millones. Presunta coima que habr\u00eda dado un holding de telecomunicaciones a cambio de una licencia para instalar un cable submarino. Lea tambi\u00e9n: Jorge Glas ser\u00e1 llamado a comisi\u00f3n legislativa por Odebrecht A trav\u00e9s de un comunicado, Glas rechaz\u00f3 las acusaciones de P\u00e1ez y advirti\u00f3 con iniciar acciones legales contra quienes afecten su honra y reputaci\u00f3n. Y en el enlace sabatino del 8 de enero de 2015 dijo: No voy a permitir que nadie ponga sombra sobre mi nombre\u009d. Ricardo R., quien fue intendente de telecomunicaciones en los inicios del r\u00e9gimen de Correa cuando Glas era presidente del Fondo de Solidaridad, reaparecer\u00eda m\u00e1s de dos a\u00f1os despu\u00e9s. La Fiscal\u00eda ahora lo acusa de recibir $ 13 millones que le habr\u00eda entregado la constructora brasile\u00f1a Norberto Odebrecht vali\u00e9ndose de su parentesco con un funcionario de estado\u009d, seg\u00fan se dijo en la audiencia, a cambio de contratos para ejecutar varias obras estatales. Desde el inicio del r\u00e9gimen de Correa, Glas, primero como alto funcionario y ministro; y luego como vicepresidente, ha estado a cargo de los sectores estrat\u00e9gicos en el \u00e1rea el\u00e9ctrica, de telecomunicaciones, petrolera, minera. Lea tambi\u00e9n: Jorge Glas, con seis atribuciones menos para ejercer Vicepresidencia De ah\u00ed su menci\u00f3n en el entramado del supuesto sobreprecio en la repotenciaci\u00f3n de la refiner\u00eda de Esmeraldas. Esto luego de que en los \u0098Papeles de Panam\u00e1\u0099aparezcan \u00c3\u0081lex Bravo (detenido), exgerente de Petroecuador, y Carlos Pareja Yannuzzelli (pr\u00f3fugo), exministro de Hidrocarburos. Ambos fueron sentenciados por cohecho. El primero habr\u00eda recibido $ 12 millones a trav\u00e9s de su compa\u00f1\u00eda off shore como comisiones de empresas que se beneficiaban de contratos con la estatal petrolera y el segundo, otros dos millones. Fue Pareja Yannuzzelli quien en uno de sus primeros videos que graba en Estados Unidos y publica en Twitter desde febrero pasado dijo: En Petroecuador no se hac\u00eda absolutamente nada que no haya tenido el visto bueno de Jorge Glas\u009d. El vicepresidente dijo esta semana que no coincide con Correa con respecto a reconocer la responsabilidad pol\u00edtica de la corrupci\u00f3n, aunque agreg\u00f3: Bueno, responsabilidad pol\u00edtica de la designaci\u00f3n s\u00ed\u009d, sobre los funcionarios involucrados en los casos. (I) &nbsp; Fuente: http:\/\/www.eluniverso.com\/noticias\/2017\/06\/11\/nota\/6224902\/supuesta-corrupcion-salpica-areas-estrategicas<\/p>\n","protected":false},"author":1,"featured_media":243909,"comment_status":"open","ping_status":"open","sticky":false,"template":"","format":"standard","meta":[],"categories":[54,32,43,40,37],"tags":[],"_links":{"self":[{"href":"https:\/\/www.ecuadortimes.net\/es\/wp-json\/wp\/v2\/posts\/243908"}],"collection":[{"href":"https:\/\/www.ecuadortimes.net\/es\/wp-json\/wp\/v2\/posts"}],"about":[{"href":"https:\/\/www.ecuadortimes.net\/es\/wp-json\/wp\/v2\/types\/post"}],"author":[{"embeddable":true,"href":"https:\/\/www.ecuadortimes.net\/es\/wp-json\/wp\/v2\/users\/1"}],"replies":[{"embeddable":true,"href":"https:\/\/www.ecuadortimes.net\/es\/wp-json\/wp\/v2\/comments?post=243908"}],"version-history":[{"count":0,"href":"https:\/\/www.ecuadortimes.net\/es\/wp-json\/wp\/v2\/posts\/243908\/revisions"}],"wp:featuredmedia":[{"embeddable":true,"href":"https:\/\/www.ecuadortimes.net\/es\/wp-json\/wp\/v2\/media\/243909"}],"wp:attachment":[{"href":"https:\/\/www.ecuadortimes.net\/es\/wp-json\/wp\/v2\/media?parent=243908"}],"wp:term":[{"taxonomy":"category","embeddable":true,"href":"https:\/\/www.ecuadortimes.net\/es\/wp-json\/wp\/v2\/categories?post=243908"},{"taxonomy":"post_tag","embeddable":true,"href":"https:\/\/www.ecuadortimes.net\/es\/wp-json\/wp\/v2\/tags?post=243908"}],"curies":[{"name":"wp","href":"https:\/\/api.w.org\/{rel}","templated":true}]}}