{"id":243948,"date":"2017-06-14T00:00:00","date_gmt":"2017-06-14T00:00:00","guid":{"rendered":"https:\/\/www.ecuadortimes.net\/es\/asamblea-crea-un-cuerpo-civil-de-proteccion-presidencial\/"},"modified":"2017-06-14T00:00:00","modified_gmt":"2017-06-14T00:00:00","slug":"asamblea-crea-un-cuerpo-civil-de-proteccion-presidencial","status":"publish","type":"post","link":"https:\/\/www.ecuadortimes.net\/es\/asamblea-crea-un-cuerpo-civil-de-proteccion-presidencial\/","title":{"rendered":"Asamblea crea un cuerpo civil de protecci\u00f3n presidencial"},"content":{"rendered":"<p>&nbsp;<\/p>\n<p><img loading=\"lazy\" class=\"size-full wp-image-186824 aligncenter\" src=\"https:\/\/www.ecuadortimes.net\/es\/wp-content\/uploads\/2017\/06\/ECUADORTIMES_ECUADORNEWS_ASAMBLEA_CUERPO_CIVIL.jpg\" alt=\"\" width=\"620\" height=\"264\" \/><\/p>\n<p>&nbsp;<\/p>\n<p>El pleno de la Asamblea Nacional ha aprobado, con 73 votos a favor y 61 en contra, la moci\u00f3n de\u00a0la asamble\u00edsta\u00a0<strong>Doris Soliz<\/strong>\u00a0que ped\u00eda\u00a0allanarse a la objeci\u00f3n parcial realizada por el entonces Presidente\u00a0<strong>Rafael Correa<\/strong>\u00a0al\u00a0<strong>C\u00f3digo de Entidades de Seguridad Ciudadana y Orden P\u00fablico<\/strong>, en la que inclu\u00eda la creaci\u00f3n de\u00a0<strong>un cuerpo civil de protecci\u00f3n presidencial<\/strong>, que se encargue de la seguridad del Presidente de la Rep\u00fablica y altos funcionarios.<\/p>\n<p><strong>Correa envi\u00f3, antes de finalizar su mandato, observaciones a siete art\u00edculos de ese cuerpo legal, que fue el \u00faltimo aprobado en el periodo legislativo anterior.<\/strong>\u00a0Tras la votaci\u00f3n de este lunes, el C\u00f3digo de Entidades de Seguridad entrar\u00e1 en vigencia en cuando sea publicado en el Registro Oficial.<\/p>\n<p>El presidente\u00a0<strong>Len\u00edn Moreno<\/strong>\u00a0dijo el lunes\u00a0a los comandantes de la Polic\u00eda y el Comando Conjunto de las Fuerzas Armadas, con quienes se reuni\u00f3 en el Palacio de Carondelet, que solo ellos estar\u00e1n\u00a0a cargo de su seguridad. Es por eso que,\u00a0<strong>de forma particular para mi seguridad personal, no acudir\u00e9 a ninguna instancia que no sea la de ustedes. Si el pueblo ecuatoriano y el Gobierno ha confiado para que ustedes puedan cuidar su seguridad, el Presidente tambi\u00e9n quiere manifestar su confianza plena<\/strong>\u009d,\u00a0ha dicho (I).<\/p>\n<p>&nbsp;<\/p>\n<p><strong>Fuente: <\/strong><a href=\"http:\/\/www.larepublica.ec\/blog\/portada\/2017\/06\/13\/asamblea-crea-cuerpo-civil-proteccion-presidencial\/\" target=\"_blank\" rel=\"noopener noreferrer\">http:\/\/www.larepublica.ec\/blog\/portada\/2017\/06\/13\/asamblea-crea-cuerpo-civil-proteccion-presidencial\/<\/a><\/p>\n","protected":false},"excerpt":{"rendered":"<p>&nbsp; &nbsp; El pleno de la Asamblea Nacional ha aprobado, con 73 votos a favor y 61 en contra, la moci\u00f3n de\u00a0la asamble\u00edsta\u00a0Doris Soliz\u00a0que ped\u00eda\u00a0allanarse a la objeci\u00f3n parcial realizada por el entonces Presidente\u00a0Rafael Correa\u00a0al\u00a0C\u00f3digo de Entidades de Seguridad Ciudadana y Orden P\u00fablico, en la que inclu\u00eda la creaci\u00f3n de\u00a0un cuerpo civil de protecci\u00f3n presidencial, que se encargue de la seguridad del Presidente de la Rep\u00fablica y altos funcionarios. Correa envi\u00f3, antes de finalizar su mandato, observaciones a siete art\u00edculos de ese cuerpo legal, que fue el \u00faltimo aprobado en el periodo legislativo anterior.\u00a0Tras la votaci\u00f3n de este lunes, el C\u00f3digo de Entidades de Seguridad entrar\u00e1 en vigencia en cuando sea publicado en el Registro Oficial. El presidente\u00a0Len\u00edn Moreno\u00a0dijo el lunes\u00a0a los comandantes de la Polic\u00eda y el Comando Conjunto de las Fuerzas Armadas, con quienes se reuni\u00f3 en el Palacio de Carondelet, que solo ellos estar\u00e1n\u00a0a cargo de su seguridad. Es por eso que,\u00a0de forma particular para mi seguridad personal, no acudir\u00e9 a ninguna instancia que no sea la de ustedes. Si el pueblo ecuatoriano y el Gobierno ha confiado para que ustedes puedan cuidar su seguridad, el Presidente tambi\u00e9n quiere manifestar su confianza plena\u009d,\u00a0ha dicho (I). &nbsp; Fuente: http:\/\/www.larepublica.ec\/blog\/portada\/2017\/06\/13\/asamblea-crea-cuerpo-civil-proteccion-presidencial\/<\/p>\n","protected":false},"author":1,"featured_media":243949,"comment_status":"open","ping_status":"open","sticky":false,"template":"","format":"standard","meta":[],"categories":[54,32,40],"tags":[],"_links":{"self":[{"href":"https:\/\/www.ecuadortimes.net\/es\/wp-json\/wp\/v2\/posts\/243948"}],"collection":[{"href":"https:\/\/www.ecuadortimes.net\/es\/wp-json\/wp\/v2\/posts"}],"about":[{"href":"https:\/\/www.ecuadortimes.net\/es\/wp-json\/wp\/v2\/types\/post"}],"author":[{"embeddable":true,"href":"https:\/\/www.ecuadortimes.net\/es\/wp-json\/wp\/v2\/users\/1"}],"replies":[{"embeddable":true,"href":"https:\/\/www.ecuadortimes.net\/es\/wp-json\/wp\/v2\/comments?post=243948"}],"version-history":[{"count":0,"href":"https:\/\/www.ecuadortimes.net\/es\/wp-json\/wp\/v2\/posts\/243948\/revisions"}],"wp:featuredmedia":[{"embeddable":true,"href":"https:\/\/www.ecuadortimes.net\/es\/wp-json\/wp\/v2\/media\/243949"}],"wp:attachment":[{"href":"https:\/\/www.ecuadortimes.net\/es\/wp-json\/wp\/v2\/media?parent=243948"}],"wp:term":[{"taxonomy":"category","embeddable":true,"href":"https:\/\/www.ecuadortimes.net\/es\/wp-json\/wp\/v2\/categories?post=243948"},{"taxonomy":"post_tag","embeddable":true,"href":"https:\/\/www.ecuadortimes.net\/es\/wp-json\/wp\/v2\/tags?post=243948"}],"curies":[{"name":"wp","href":"https:\/\/api.w.org\/{rel}","templated":true}]}}