{"id":243978,"date":"2017-06-15T00:00:00","date_gmt":"2017-06-15T00:00:00","guid":{"rendered":"https:\/\/www.ecuadortimes.net\/es\/lasso-pide-no-enganarse-dice-que-moreno-es-la-continuacion-del-modelo-correista\/"},"modified":"2017-06-15T00:00:00","modified_gmt":"2017-06-15T00:00:00","slug":"lasso-pide-no-enganarse-dice-que-moreno-es-la-continuacion-del-modelo-correista","status":"publish","type":"post","link":"https:\/\/www.ecuadortimes.net\/es\/lasso-pide-no-enganarse-dice-que-moreno-es-la-continuacion-del-modelo-correista\/","title":{"rendered":"Lasso pide no enga\u00f1arse, dice que Moreno es la continuaci\u00f3n del modelo corre\u00edsta"},"content":{"rendered":"<p>&nbsp;<\/p>\n<p><img loading=\"lazy\" class=\"size-full wp-image-186874 aligncenter\" src=\"https:\/\/www.ecuadortimes.net\/es\/wp-content\/uploads\/2017\/06\/ECUADORTIMES_ECUADORNEWS_LASSO_MORENO_CONTINUISMO.jpg\" alt=\"\" width=\"620\" height=\"264\" \/><\/p>\n<p>&nbsp;<\/p>\n<p>El l\u00edder opositor<strong>\u00a0Guillermo Lasso<\/strong>, ha dicho hoy que el Presidente<strong>\u00a0Len\u00edn Moreno es la continuaci\u00f3n del modelo corre\u00edsta\u009d<\/strong>\u00a0y pidi\u00f3 que los ciudadanos no se llamen a enga\u00f1o.<strong>\u00a0Lasso<\/strong>hizo estas declaraciones, por la ma\u00f1ana, tras\u00a0<strong>comparecer<\/strong>\u00a0en la Fiscal\u00eda para rendir su versi\u00f3n dentro del caso Cedatos, iniciado tras una denuncia de la antigua vicepresidenta de la Asamblea\u00a0<strong>Rosana Alvarado<\/strong>, actual ministra de Justicia.<\/p>\n<p>Lasso anunci\u00f3\u00a0que el bloque legislativo de CREO presentar un proyecto de ley para derogar esa ley corre\u00edsta que crea un cuerpo civil de protecci\u00f3n presidencial\u009d.\u00a0<strong>Lo que corresponde en este momento es que las Fuerzas Armadas y la Polic\u00eda Nacional le exijan la derogatoria de esa ley que crea una fuerza de seguridad civil, cuando la tradici\u00f3n y lo correcto es que sean las Fuerzas Armadas y la Polic\u00eda Nacional las que se encarguen de la seguridad de los altos funcionarios del gobierno\u009d<\/strong>, ha dicho.<\/p>\n<p>En segundo lugar, se dice que va a mantener una buena relaci\u00f3n con la prensa, pero no se hace lo que hay que hacer: derogar la ley de comunicaci\u00f3n\u009d, ha continuado. Y en\u00a0<strong>esa ley derogatoria debe incluirse obligar a vender aquellos medios de comunicaci\u00f3n que fueron incautados y que son utilizado como medios propios de Alianza PAIS para difamar e injuriar a todas las personas que pensamos distintos a ellos<\/strong>.<\/p>\n<p>En tercer lugar, \u00a0<strong>se dice que hay que defender la dolarizaci\u00f3n, pero no se reforma el C\u00f3digo Monetario para establecer la econom\u00eda del Banco Central del Ecuador<\/strong>, para prohibir que el Banco Central del Ecuador siga dando cr\u00e9ditos al gobierno y prohibir que el Central emita dinero paralelo al d\u00f3lar\u009d.<\/p>\n<p><strong>Se dice que se va a luchar contra la corrupci\u00f3n, pero no se entrega a los ciudadanos la lista de los funcionarios que cobraron coimas a Odebrecht.<\/strong>\u00a0No podemos permitir que act\u00faen bajo el pretexto de reserva, promoviendo impunidad de los corruptos. La Fiscal\u00eda tiene la obligaci\u00f3n de entregar esa informaci\u00f3n a la Asamblea Nacional. Y si no lo hacen, seremos los ciudadanos los que vamos a exigir en las calles nos entreguen la lista de los p\u00edcaros y corruptos. \u00a0Y que no nos vengan con el cuento de falta de traductores. El fiscal ha sido muy claro al advertirnos que no solo ha sido el caso de Odebrecht. Que tambi\u00e9n hay otras empresas que han pagados coimas. Y si no tienen traductores, los ciudadanos les vamos a ofrecer traductores del chino al espa\u00f1ol para que nos cuenten todo lo dem\u00e1s que ha sucedido\u009d.<\/p>\n<p>Y agreg\u00f3: Los ecuatorianos no podemos aceptar este cambio de estilo. El Ecuador requiere un cambio de fondo. Y\u00a0<strong>lo que nos han demostrado estas pocas semanas es el continuismo del modelo corrre\u00edsta<\/strong>.<\/p>\n<p>Lasso dijo que Rossana Alvarado fue nombrada ministra de Justicia como pago por haber presentado una denuncia contra CEDATOS. Alvarado acus\u00f3 a CEDATOS de falsificar los resultados del exit poll de la segunda vuelta, seg\u00fan el cual el ganador de las elecciones presidenciales fue Guillermo Lasso. Horas despu\u00e9s, el Consejo Nacional Electoral, de mayor\u00eda gobiernista, proclam\u00f3 vencedor a\u00a0<strong>Len\u00edn Moreno<\/strong>. En este proceso la fiscal\u00a0<strong>Cecilia Garz\u00f3n<\/strong>\u00a0ha decidido vincular al fundador de la encuestadora, de 42 a\u00f1os de experiencia,\u00a0<strong>Polibio C\u00f3rdova<\/strong>. La presunta asociaci\u00f3n il\u00edcita habr\u00eda sido con la empresa de publicidad Libercostas S.A., a la que se le atribuye\u00a0cercan\u00eda con el movimiento del excandidato presidencial. (I)<\/p>\n<p>&nbsp;<\/p>\n<p><strong>Fuente: <\/strong><a href=\"http:\/\/www.larepublica.ec\/blog\/portada\/2017\/06\/14\/guillermo-lasso-fiscalia-caso-cedatos\/\" target=\"_blank\" rel=\"noopener noreferrer\">http:\/\/www.larepublica.ec\/blog\/portada\/2017\/06\/14\/guillermo-lasso-fiscalia-caso-cedatos\/<\/a><\/p>\n","protected":false},"excerpt":{"rendered":"<p>&nbsp; &nbsp; El l\u00edder opositor\u00a0Guillermo Lasso, ha dicho hoy que el Presidente\u00a0Len\u00edn Moreno es la continuaci\u00f3n del modelo corre\u00edsta\u009d\u00a0y pidi\u00f3 que los ciudadanos no se llamen a enga\u00f1o.\u00a0Lassohizo estas declaraciones, por la ma\u00f1ana, tras\u00a0comparecer\u00a0en la Fiscal\u00eda para rendir su versi\u00f3n dentro del caso Cedatos, iniciado tras una denuncia de la antigua vicepresidenta de la Asamblea\u00a0Rosana Alvarado, actual ministra de Justicia. Lasso anunci\u00f3\u00a0que el bloque legislativo de CREO presentar un proyecto de ley para derogar esa ley corre\u00edsta que crea un cuerpo civil de protecci\u00f3n presidencial\u009d.\u00a0Lo que corresponde en este momento es que las Fuerzas Armadas y la Polic\u00eda Nacional le exijan la derogatoria de esa ley que crea una fuerza de seguridad civil, cuando la tradici\u00f3n y lo correcto es que sean las Fuerzas Armadas y la Polic\u00eda Nacional las que se encarguen de la seguridad de los altos funcionarios del gobierno\u009d, ha dicho. En segundo lugar, se dice que va a mantener una buena relaci\u00f3n con la prensa, pero no se hace lo que hay que hacer: derogar la ley de comunicaci\u00f3n\u009d, ha continuado. Y en\u00a0esa ley derogatoria debe incluirse obligar a vender aquellos medios de comunicaci\u00f3n que fueron incautados y que son utilizado como medios propios de Alianza PAIS para difamar e injuriar a todas las personas que pensamos distintos a ellos. En tercer lugar, \u00a0se dice que hay que defender la dolarizaci\u00f3n, pero no se reforma el C\u00f3digo Monetario para establecer la econom\u00eda del Banco Central del Ecuador, para prohibir que el Banco Central del Ecuador siga dando cr\u00e9ditos al gobierno y prohibir que el Central emita dinero paralelo al d\u00f3lar\u009d. Se dice que se va a luchar contra la corrupci\u00f3n, pero no se entrega a los ciudadanos la lista de los funcionarios que cobraron coimas a Odebrecht.\u00a0No podemos permitir que act\u00faen bajo el pretexto de reserva, promoviendo impunidad de los corruptos. La Fiscal\u00eda tiene la obligaci\u00f3n de entregar esa informaci\u00f3n a la Asamblea Nacional. Y si no lo hacen, seremos los ciudadanos los que vamos a exigir en las calles nos entreguen la lista de los p\u00edcaros y corruptos. \u00a0Y que no nos vengan con el cuento de falta de traductores. El fiscal ha sido muy claro al advertirnos que no solo ha sido el caso de Odebrecht. Que tambi\u00e9n hay otras empresas que han pagados coimas. Y si no tienen traductores, los ciudadanos les vamos a ofrecer traductores del chino al espa\u00f1ol para que nos cuenten todo lo dem\u00e1s que ha sucedido\u009d. Y agreg\u00f3: Los ecuatorianos no podemos aceptar este cambio de estilo. El Ecuador requiere un cambio de fondo. Y\u00a0lo que nos han demostrado estas pocas semanas es el continuismo del modelo corrre\u00edsta. Lasso dijo que Rossana Alvarado fue nombrada ministra de Justicia como pago por haber presentado una denuncia contra CEDATOS. Alvarado acus\u00f3 a CEDATOS de falsificar los resultados del exit poll de la segunda vuelta, seg\u00fan el cual el ganador de las elecciones presidenciales fue Guillermo Lasso. Horas despu\u00e9s, el Consejo Nacional Electoral, de mayor\u00eda gobiernista, proclam\u00f3 vencedor a\u00a0Len\u00edn Moreno. En este proceso la fiscal\u00a0Cecilia Garz\u00f3n\u00a0ha decidido vincular al fundador de la encuestadora, de 42 a\u00f1os de experiencia,\u00a0Polibio C\u00f3rdova. La presunta asociaci\u00f3n il\u00edcita habr\u00eda sido con la empresa de publicidad Libercostas S.A., a la que se le atribuye\u00a0cercan\u00eda con el movimiento del excandidato presidencial. (I) &nbsp; Fuente: http:\/\/www.larepublica.ec\/blog\/portada\/2017\/06\/14\/guillermo-lasso-fiscalia-caso-cedatos\/<\/p>\n","protected":false},"author":1,"featured_media":243979,"comment_status":"open","ping_status":"open","sticky":false,"template":"","format":"standard","meta":[],"categories":[54,32,35,46],"tags":[],"_links":{"self":[{"href":"https:\/\/www.ecuadortimes.net\/es\/wp-json\/wp\/v2\/posts\/243978"}],"collection":[{"href":"https:\/\/www.ecuadortimes.net\/es\/wp-json\/wp\/v2\/posts"}],"about":[{"href":"https:\/\/www.ecuadortimes.net\/es\/wp-json\/wp\/v2\/types\/post"}],"author":[{"embeddable":true,"href":"https:\/\/www.ecuadortimes.net\/es\/wp-json\/wp\/v2\/users\/1"}],"replies":[{"embeddable":true,"href":"https:\/\/www.ecuadortimes.net\/es\/wp-json\/wp\/v2\/comments?post=243978"}],"version-history":[{"count":0,"href":"https:\/\/www.ecuadortimes.net\/es\/wp-json\/wp\/v2\/posts\/243978\/revisions"}],"wp:featuredmedia":[{"embeddable":true,"href":"https:\/\/www.ecuadortimes.net\/es\/wp-json\/wp\/v2\/media\/243979"}],"wp:attachment":[{"href":"https:\/\/www.ecuadortimes.net\/es\/wp-json\/wp\/v2\/media?parent=243978"}],"wp:term":[{"taxonomy":"category","embeddable":true,"href":"https:\/\/www.ecuadortimes.net\/es\/wp-json\/wp\/v2\/categories?post=243978"},{"taxonomy":"post_tag","embeddable":true,"href":"https:\/\/www.ecuadortimes.net\/es\/wp-json\/wp\/v2\/tags?post=243978"}],"curies":[{"name":"wp","href":"https:\/\/api.w.org\/{rel}","templated":true}]}}