{"id":244008,"date":"2017-06-16T00:00:00","date_gmt":"2017-06-16T00:00:00","guid":{"rendered":"https:\/\/www.ecuadortimes.net\/es\/concejales-piden-a-alcalde-de-quito-explicar-contrato-del-metro-con-odebrecht\/"},"modified":"2017-06-16T00:00:00","modified_gmt":"2017-06-16T00:00:00","slug":"concejales-piden-a-alcalde-de-quito-explicar-contrato-del-metro-con-odebrecht","status":"publish","type":"post","link":"https:\/\/www.ecuadortimes.net\/es\/concejales-piden-a-alcalde-de-quito-explicar-contrato-del-metro-con-odebrecht\/","title":{"rendered":"Concejales piden a alcalde de Quito explicar contrato del metro con Odebrecht"},"content":{"rendered":"<p>&nbsp;<\/p>\n<p><img loading=\"lazy\" class=\"size-full wp-image-186924 aligncenter\" src=\"https:\/\/www.ecuadortimes.net\/es\/wp-content\/uploads\/2017\/06\/ECUADORTIMES_ECUADORNEWS_METRO_QUITO_ODEBRECHT.jpg\" alt=\"\" width=\"620\" height=\"264\" \/><\/p>\n<p>&nbsp;<\/p>\n<p>Un grupo de concejales pidi\u00f3 hoy explicaciones al alcalde de Quito,\u00a0<strong>Mauricio Rodas<\/strong>, sobre el contrato con el consorcio\u00a0<strong>Acciona<\/strong>\u0093<strong>Odebrecht<\/strong>\u00a0para la segunda fase del metro, cuyas oficinas fueron allanadas el mi\u00e9rcoles dentro de la investigaci\u00f3n de los sobornos de la firma brasile\u00f1a en el pa\u00eds.<\/p>\n<p>El grupo de concejales, que pertenecen al movimiento Alianza Pa\u00eds, del presidente del pa\u00eds,\u00a0<strong>Len\u00edn Moreno<\/strong>, solicitaron a la Fiscal\u00eda que inicie una investigaci\u00f3n sobre las negociaciones informales\u009d que mantuvo la actual administraci\u00f3n municipal para negociar el contrato de la segunda fase del metro de Quito, inform\u00f3 la agencia oficial Andes.<\/p>\n<p>Los ediles pusieron en duda que el valor de esta fase de la obra ascendiera a 449 millones de d\u00f3lares y pidieron un cambio en el orden del d\u00eda en la sesi\u00f3n del Concejo para que el alcalde explique tanto el allanamiento como las condiciones del contrato con el consorcio Acciona-Odebrecht.<\/p>\n<p><strong>Rodas insisti\u00f3 en que el proyecto fue adjudicado al consorcio que present\u00f3 la oferta econ\u00f3mica m\u00e1s baja y que los organismos multilaterales que financian el proyecto se\u00f1alaron que<\/strong>\u00a0<strong>se ajustaba a los precios de mercado<\/strong>.<\/p>\n<p>Adem\u00e1s asegur\u00f3 que un informe de Contralor\u00eda se\u00f1ala que el presupuesto referencial estaba subestimado.<\/p>\n<p>La Fiscal\u00eda General de Ecuador allan\u00f3 el mi\u00e9rcoles las dependencias de la empresa municipal para llevarse equipos electr\u00f3nicos que pueden tener relaci\u00f3n con la empresa brasile\u00f1a.<\/p>\n<p>Seg\u00fan el alcalde, el allanamiento se produjo con la colaboraci\u00f3n y apoyo de la municipalidad y record\u00f3 su total apoyo\u009d a las investigaciones desde diciembre del 2016, cuando surgi\u00f3 informaci\u00f3n respecto a actos irregulares de la empresa Odebrecht en el Ecuador\u009d.<\/p>\n<p>El procurador municipal, Giani Frixone, dijo que el allanamiento se cumpli\u00f3 con normalidad y se incautaron computadoras y que no existi\u00f3 resistencia para efectuar esa diligencia.<\/p>\n<p>Frixone inform\u00f3 que en el allanamiento se incaut\u00f3 el CPU y la computadora del gerente de la empresa y se accedi\u00f3 al servidor para obtener una copia espejo de dos cuentas de correos electr\u00f3nicos.<\/p>\n<p>Ante la insistencia de Alianza Pa\u00eds, el asunto del contrato para la construcci\u00f3n del metro, adjudicado a un consorcio de la empresa brasile\u00f1a con la espa\u00f1ola Acciona, se tratar\u00e1 en sesi\u00f3n extraordinaria en los pr\u00f3ximos d\u00edas, agrega la agencia oficial ecuatoriana. (I)<\/p>\n<p>&nbsp;<\/p>\n<p><strong>Fuente:<\/strong>\u00a0<a href=\"http:\/\/www.larepublica.ec\/blog\/politica\/2017\/06\/15\/concejales-piden-a-alcalde-de-quito-explicar-contrato-del-metro-con-odebrecht\/\" target=\"_blank\" rel=\"noopener noreferrer\">http:\/\/www.larepublica.ec\/blog\/politica\/2017\/06\/15\/concejales-piden-a-alcalde-de-quito-explicar-contrato-del-metro-con-odebrecht\/<\/a><\/p>\n","protected":false},"excerpt":{"rendered":"<p>&nbsp; &nbsp; Un grupo de concejales pidi\u00f3 hoy explicaciones al alcalde de Quito,\u00a0Mauricio Rodas, sobre el contrato con el consorcio\u00a0Acciona\u0093Odebrecht\u00a0para la segunda fase del metro, cuyas oficinas fueron allanadas el mi\u00e9rcoles dentro de la investigaci\u00f3n de los sobornos de la firma brasile\u00f1a en el pa\u00eds. El grupo de concejales, que pertenecen al movimiento Alianza Pa\u00eds, del presidente del pa\u00eds,\u00a0Len\u00edn Moreno, solicitaron a la Fiscal\u00eda que inicie una investigaci\u00f3n sobre las negociaciones informales\u009d que mantuvo la actual administraci\u00f3n municipal para negociar el contrato de la segunda fase del metro de Quito, inform\u00f3 la agencia oficial Andes. Los ediles pusieron en duda que el valor de esta fase de la obra ascendiera a 449 millones de d\u00f3lares y pidieron un cambio en el orden del d\u00eda en la sesi\u00f3n del Concejo para que el alcalde explique tanto el allanamiento como las condiciones del contrato con el consorcio Acciona-Odebrecht. Rodas insisti\u00f3 en que el proyecto fue adjudicado al consorcio que present\u00f3 la oferta econ\u00f3mica m\u00e1s baja y que los organismos multilaterales que financian el proyecto se\u00f1alaron que\u00a0se ajustaba a los precios de mercado. Adem\u00e1s asegur\u00f3 que un informe de Contralor\u00eda se\u00f1ala que el presupuesto referencial estaba subestimado. La Fiscal\u00eda General de Ecuador allan\u00f3 el mi\u00e9rcoles las dependencias de la empresa municipal para llevarse equipos electr\u00f3nicos que pueden tener relaci\u00f3n con la empresa brasile\u00f1a. Seg\u00fan el alcalde, el allanamiento se produjo con la colaboraci\u00f3n y apoyo de la municipalidad y record\u00f3 su total apoyo\u009d a las investigaciones desde diciembre del 2016, cuando surgi\u00f3 informaci\u00f3n respecto a actos irregulares de la empresa Odebrecht en el Ecuador\u009d. El procurador municipal, Giani Frixone, dijo que el allanamiento se cumpli\u00f3 con normalidad y se incautaron computadoras y que no existi\u00f3 resistencia para efectuar esa diligencia. Frixone inform\u00f3 que en el allanamiento se incaut\u00f3 el CPU y la computadora del gerente de la empresa y se accedi\u00f3 al servidor para obtener una copia espejo de dos cuentas de correos electr\u00f3nicos. Ante la insistencia de Alianza Pa\u00eds, el asunto del contrato para la construcci\u00f3n del metro, adjudicado a un consorcio de la empresa brasile\u00f1a con la espa\u00f1ola Acciona, se tratar\u00e1 en sesi\u00f3n extraordinaria en los pr\u00f3ximos d\u00edas, agrega la agencia oficial ecuatoriana. (I) &nbsp; Fuente:\u00a0http:\/\/www.larepublica.ec\/blog\/politica\/2017\/06\/15\/concejales-piden-a-alcalde-de-quito-explicar-contrato-del-metro-con-odebrecht\/<\/p>\n","protected":false},"author":1,"featured_media":244009,"comment_status":"open","ping_status":"open","sticky":false,"template":"","format":"standard","meta":[],"categories":[54,32,43,40,35],"tags":[],"_links":{"self":[{"href":"https:\/\/www.ecuadortimes.net\/es\/wp-json\/wp\/v2\/posts\/244008"}],"collection":[{"href":"https:\/\/www.ecuadortimes.net\/es\/wp-json\/wp\/v2\/posts"}],"about":[{"href":"https:\/\/www.ecuadortimes.net\/es\/wp-json\/wp\/v2\/types\/post"}],"author":[{"embeddable":true,"href":"https:\/\/www.ecuadortimes.net\/es\/wp-json\/wp\/v2\/users\/1"}],"replies":[{"embeddable":true,"href":"https:\/\/www.ecuadortimes.net\/es\/wp-json\/wp\/v2\/comments?post=244008"}],"version-history":[{"count":0,"href":"https:\/\/www.ecuadortimes.net\/es\/wp-json\/wp\/v2\/posts\/244008\/revisions"}],"wp:featuredmedia":[{"embeddable":true,"href":"https:\/\/www.ecuadortimes.net\/es\/wp-json\/wp\/v2\/media\/244009"}],"wp:attachment":[{"href":"https:\/\/www.ecuadortimes.net\/es\/wp-json\/wp\/v2\/media?parent=244008"}],"wp:term":[{"taxonomy":"category","embeddable":true,"href":"https:\/\/www.ecuadortimes.net\/es\/wp-json\/wp\/v2\/categories?post=244008"},{"taxonomy":"post_tag","embeddable":true,"href":"https:\/\/www.ecuadortimes.net\/es\/wp-json\/wp\/v2\/tags?post=244008"}],"curies":[{"name":"wp","href":"https:\/\/api.w.org\/{rel}","templated":true}]}}