{"id":244022,"date":"2017-06-16T00:00:00","date_gmt":"2017-06-16T00:00:00","guid":{"rendered":"https:\/\/www.ecuadortimes.net\/es\/la-invasion-venezolana\/"},"modified":"2017-06-16T00:00:00","modified_gmt":"2017-06-16T00:00:00","slug":"la-invasion-venezolana","status":"publish","type":"post","link":"https:\/\/www.ecuadortimes.net\/es\/la-invasion-venezolana\/","title":{"rendered":"La invasi\u00f3n venezolana"},"content":{"rendered":"<p>&nbsp;<\/p>\n<p><img loading=\"lazy\" class=\"size-full wp-image-186923 aligncenter\" src=\"https:\/\/www.ecuadortimes.net\/es\/wp-content\/uploads\/2017\/06\/ECUADORTIMES_ECUADORNEWS_INVASION_VENEZOLANA.jpg\" alt=\"\" width=\"762\" height=\"428\" \/><\/p>\n<p>&nbsp;<\/p>\n<p>En el 2006, la cifra de venezolanos que ingresaban a Ecuador no llegaba a 12.000. Una d\u00e9cada despu\u00e9s, empujados por la crisis en su pa\u00eds, arriban en promedio 13.700 ciudadanos por mes.<\/p>\n<p>La estad\u00edstica de ingreso de 68.839 venezolanos en los cinco primeros meses de este a\u00f1o muestra la dimensi\u00f3n de la situaci\u00f3n humanitaria que vive esa naci\u00f3n latinoamericana, cuyos habitantes huyen del hambre, la falta de medicinas y la convulsi\u00f3n pol\u00edtica y social, que contabiliza 73 muertos en las calles durante los 77 d\u00edas de protestas contra el gobierno del presidente Nicol\u00e1s Maduro.<\/p>\n<p>Vienen a Ecuador porque es la \u00fanica opci\u00f3n que les queda frente a la intolerable situaci\u00f3n en su pa\u00eds\u009d, dice el diplom\u00e1tico y excanciller ecuatoriano Antonio Parra Gil, quien cree necesario un urgente pronunciamiento del presidente Len\u00edn Moreno (PAIS), para acoger a esos ciudadanos en condici\u00f3n de refugiados, tal como se hizo en su momento con los desplazados del conflicto colombiano o los haitianos, por el terremoto de 2010.<\/p>\n<p>No se trata de solidaridad pol\u00edtica, es una solidaridad humana. Ellos no vienen por cuestiones pol\u00edticas, vienen por necesidades apremiantes como es comer y respirar un clima de paz\u009d, a\u00f1ade el jurista.<\/p>\n<p>Su criterio es compartido por el catedr\u00e1tico e internacionalista Reinaldo Huerta Montalvo, quien cree que hace falta una gesti\u00f3n supraestatal que coincida con los organismos multilaterales, que detenga la incertidumbre pol\u00edtica y haga superar la situaci\u00f3n econ\u00f3mica que aflige a los venezolanos y que los hace migrar en masa hacia los pa\u00edses cercanos, entre ellos Ecuador. Hist\u00f3ricamente nuestro pa\u00eds ha sido fiel al mandato del libertador Sim\u00f3n Bol\u00edvar para cumplir el sue\u00f1o de convertir la Am\u00e9rica en una naci\u00f3n de rep\u00fablicas, de modo que sus miembros tenemos una solidaridad obligada entre nosotros\u009d.<\/p>\n<p>Muestra de ese apoyo mutuo humanitario es la concesi\u00f3n de 53.325 carn\u00e9s de refugiados a ciudadanos colombianos que salieron huyendo del conflicto colombiano entre el 2000 y el 2016. El pa\u00eds en la \u00faltima d\u00e9cada adem\u00e1s abri\u00f3 las puertas con la eliminaci\u00f3n de visas a los haitianos, tras el devastador terremoto del 2010, y a los cubanos que convirtieron al pa\u00eds en un trampol\u00edn hacia los Estados Unidos.<\/p>\n<p>Cuando el terremoto de Hait\u00ed, Ecuador envi\u00f3 a los cascos azules; y es una verg\u00fcenza que ahora, por la crisis de Venezuela, no haya una acci\u00f3n m\u00e1s afectiva del gobierno ecuatoriano para auxiliar a los ciudadanos venezolanos\u009d, se lamenta Parra.<\/p>\n<p>Pero no todos los venezolanos que ingresan al pa\u00eds se quedan. Hay quienes despu\u00e9s de unos d\u00edas migran hacia otros pa\u00edses del sur, como Per\u00fa y Chile. Quienes se quedan trabajan en la informalidad.<\/p>\n<p><b>El retorno<\/b><\/p>\n<p><b><\/b>Los primeros en dejar Venezuela fueron los ecuatorianos que hace 20 o 30 a\u00f1os migraron a ese pa\u00eds, atra\u00eddos por su prosperidad, auspiciada por las ganancias del petr\u00f3leo. El obligado retorno fue con hijos y dem\u00e1s familiares cercanos.<\/p>\n<p><b>Los ingresos<\/b><\/p>\n<p><b><\/b>La entrada al pa\u00eds de los venezolanos ha sido a trav\u00e9s de dos v\u00edas: la terrestre y la a\u00e9rea. La primera demanda un viaje de unos tres d\u00edas, que implica atravesar el territorio colombiano. Poco ha sido lo que han podido traer en sus maletas. All\u00e1 dejaron todo.<\/p>\n<p><b>La estad\u00eda<\/b><\/p>\n<p>No ha sido f\u00e1cil instalarse en el pa\u00eds con los pocos recursos con que llegan, en unos casos procedentes de ahorros y en otros por ventas de bienes muebles, lo que les permite sostenerse en los primeros meses. Lo m\u00e1s dif\u00edcil es conseguir trabajo. (I)<\/p>\n<p>&nbsp;<\/p>\n<p><strong>Fuente:<\/strong> <a href=\"http:\/\/www.expreso.ec\/actualidad\/la-invasion-venezolana-LC1455409\" target=\"_blank\" rel=\"noopener noreferrer\">http:\/\/www.expreso.ec\/actualidad\/la-invasion-venezolana-LC1455409<\/a><\/p>\n","protected":false},"excerpt":{"rendered":"<p>&nbsp; &nbsp; En el 2006, la cifra de venezolanos que ingresaban a Ecuador no llegaba a 12.000. Una d\u00e9cada despu\u00e9s, empujados por la crisis en su pa\u00eds, arriban en promedio 13.700 ciudadanos por mes. La estad\u00edstica de ingreso de 68.839 venezolanos en los cinco primeros meses de este a\u00f1o muestra la dimensi\u00f3n de la situaci\u00f3n humanitaria que vive esa naci\u00f3n latinoamericana, cuyos habitantes huyen del hambre, la falta de medicinas y la convulsi\u00f3n pol\u00edtica y social, que contabiliza 73 muertos en las calles durante los 77 d\u00edas de protestas contra el gobierno del presidente Nicol\u00e1s Maduro. Vienen a Ecuador porque es la \u00fanica opci\u00f3n que les queda frente a la intolerable situaci\u00f3n en su pa\u00eds\u009d, dice el diplom\u00e1tico y excanciller ecuatoriano Antonio Parra Gil, quien cree necesario un urgente pronunciamiento del presidente Len\u00edn Moreno (PAIS), para acoger a esos ciudadanos en condici\u00f3n de refugiados, tal como se hizo en su momento con los desplazados del conflicto colombiano o los haitianos, por el terremoto de 2010. No se trata de solidaridad pol\u00edtica, es una solidaridad humana. Ellos no vienen por cuestiones pol\u00edticas, vienen por necesidades apremiantes como es comer y respirar un clima de paz\u009d, a\u00f1ade el jurista. Su criterio es compartido por el catedr\u00e1tico e internacionalista Reinaldo Huerta Montalvo, quien cree que hace falta una gesti\u00f3n supraestatal que coincida con los organismos multilaterales, que detenga la incertidumbre pol\u00edtica y haga superar la situaci\u00f3n econ\u00f3mica que aflige a los venezolanos y que los hace migrar en masa hacia los pa\u00edses cercanos, entre ellos Ecuador. Hist\u00f3ricamente nuestro pa\u00eds ha sido fiel al mandato del libertador Sim\u00f3n Bol\u00edvar para cumplir el sue\u00f1o de convertir la Am\u00e9rica en una naci\u00f3n de rep\u00fablicas, de modo que sus miembros tenemos una solidaridad obligada entre nosotros\u009d. Muestra de ese apoyo mutuo humanitario es la concesi\u00f3n de 53.325 carn\u00e9s de refugiados a ciudadanos colombianos que salieron huyendo del conflicto colombiano entre el 2000 y el 2016. El pa\u00eds en la \u00faltima d\u00e9cada adem\u00e1s abri\u00f3 las puertas con la eliminaci\u00f3n de visas a los haitianos, tras el devastador terremoto del 2010, y a los cubanos que convirtieron al pa\u00eds en un trampol\u00edn hacia los Estados Unidos. Cuando el terremoto de Hait\u00ed, Ecuador envi\u00f3 a los cascos azules; y es una verg\u00fcenza que ahora, por la crisis de Venezuela, no haya una acci\u00f3n m\u00e1s afectiva del gobierno ecuatoriano para auxiliar a los ciudadanos venezolanos\u009d, se lamenta Parra. Pero no todos los venezolanos que ingresan al pa\u00eds se quedan. Hay quienes despu\u00e9s de unos d\u00edas migran hacia otros pa\u00edses del sur, como Per\u00fa y Chile. Quienes se quedan trabajan en la informalidad. El retorno Los primeros en dejar Venezuela fueron los ecuatorianos que hace 20 o 30 a\u00f1os migraron a ese pa\u00eds, atra\u00eddos por su prosperidad, auspiciada por las ganancias del petr\u00f3leo. El obligado retorno fue con hijos y dem\u00e1s familiares cercanos. Los ingresos La entrada al pa\u00eds de los venezolanos ha sido a trav\u00e9s de dos v\u00edas: la terrestre y la a\u00e9rea. La primera demanda un viaje de unos tres d\u00edas, que implica atravesar el territorio colombiano. Poco ha sido lo que han podido traer en sus maletas. All\u00e1 dejaron todo. La estad\u00eda No ha sido f\u00e1cil instalarse en el pa\u00eds con los pocos recursos con que llegan, en unos casos procedentes de ahorros y en otros por ventas de bienes muebles, lo que les permite sostenerse en los primeros meses. Lo m\u00e1s dif\u00edcil es conseguir trabajo. (I) &nbsp; Fuente: http:\/\/www.expreso.ec\/actualidad\/la-invasion-venezolana-LC1455409<\/p>\n","protected":false},"author":1,"featured_media":244023,"comment_status":"open","ping_status":"open","sticky":false,"template":"","format":"standard","meta":[],"categories":[54,32,51,40,35],"tags":[],"_links":{"self":[{"href":"https:\/\/www.ecuadortimes.net\/es\/wp-json\/wp\/v2\/posts\/244022"}],"collection":[{"href":"https:\/\/www.ecuadortimes.net\/es\/wp-json\/wp\/v2\/posts"}],"about":[{"href":"https:\/\/www.ecuadortimes.net\/es\/wp-json\/wp\/v2\/types\/post"}],"author":[{"embeddable":true,"href":"https:\/\/www.ecuadortimes.net\/es\/wp-json\/wp\/v2\/users\/1"}],"replies":[{"embeddable":true,"href":"https:\/\/www.ecuadortimes.net\/es\/wp-json\/wp\/v2\/comments?post=244022"}],"version-history":[{"count":0,"href":"https:\/\/www.ecuadortimes.net\/es\/wp-json\/wp\/v2\/posts\/244022\/revisions"}],"wp:featuredmedia":[{"embeddable":true,"href":"https:\/\/www.ecuadortimes.net\/es\/wp-json\/wp\/v2\/media\/244023"}],"wp:attachment":[{"href":"https:\/\/www.ecuadortimes.net\/es\/wp-json\/wp\/v2\/media?parent=244022"}],"wp:term":[{"taxonomy":"category","embeddable":true,"href":"https:\/\/www.ecuadortimes.net\/es\/wp-json\/wp\/v2\/categories?post=244022"},{"taxonomy":"post_tag","embeddable":true,"href":"https:\/\/www.ecuadortimes.net\/es\/wp-json\/wp\/v2\/tags?post=244022"}],"curies":[{"name":"wp","href":"https:\/\/api.w.org\/{rel}","templated":true}]}}