{"id":244028,"date":"2017-06-19T00:00:00","date_gmt":"2017-06-19T00:00:00","guid":{"rendered":"https:\/\/www.ecuadortimes.net\/es\/ejecutivo-de-odebrecht-en-ecuador-grabo-en-video-sus-reuniones-con-politicos\/"},"modified":"2017-06-19T00:00:00","modified_gmt":"2017-06-19T00:00:00","slug":"ejecutivo-de-odebrecht-en-ecuador-grabo-en-video-sus-reuniones-con-politicos","status":"publish","type":"post","link":"https:\/\/www.ecuadortimes.net\/es\/ejecutivo-de-odebrecht-en-ecuador-grabo-en-video-sus-reuniones-con-politicos\/","title":{"rendered":"Ejecutivo de Odebrecht en Ecuador grab\u00f3 en video sus reuniones con pol\u00edticos"},"content":{"rendered":"<p>&nbsp;<\/p>\n<p><img loading=\"lazy\" class=\"size-full wp-image-186991 aligncenter\" src=\"https:\/\/www.ecuadortimes.net\/es\/wp-content\/uploads\/2017\/06\/ECUADORTIMES_ECUADORNEWS_EJECUTICO_ECUATORIANO_GRABO_VIDEO_REUNIONES_ODEBRECHT.jpg\" alt=\"\" width=\"620\" height=\"264\" \/><\/p>\n<p>&nbsp;<\/p>\n<p><strong>Jos\u00e9 Santos<\/strong>, el ejecutivo de <strong>Odebrecht<\/strong> en Ecuador, ha usado como prueba de las delaciones con las que colabor\u00f3 en el juicio que se sigue en su contra en Brasil, <strong>videos hechos por \u00e9l de reuniones suyas con autoridades de Ecuador<\/strong>, seg\u00fan ha revelado la revista <a href=\"http:\/\/veja.abril.com.br\/blog\/radar-on-line\/executivo-da-odebrecht-no-equador-ja-gravou-politicos\/\"><strong>Veja<\/strong><\/a>, una de las m\u00e1s prestigiosas del Brasil.<\/p>\n<p>Como premio por los videos entregados a los jueces, Santos ha recibido la menor pena entre los 77 delatores de <strong>Odebrecht<\/strong>, seg\u00fan ha reportado Veja.<\/p>\n<p>Santos desempe\u00f1\u00f3 el cargo de Director Superintendente\u009d de Odebrecht en Ecuador, y vivi\u00f3 en el pa\u00eds 16 a\u00f1os.\u00a0Dirigi\u00f3 la construcci\u00f3n de la\u00a0Ruta Viva y la Central de Manduriacu, el Trasvase Daule Vinces, el Poliducto Pascuales Cuenca y el Acueducto La Esperanza (I)<\/p>\n<p>&nbsp;<\/p>\n<p>Fuente: <a href=\"http:\/\/www.larepublica.ec\/blog\/politica\/2017\/06\/17\/ejecutivo-de-odebrecht-en-ecuador-grabo-en-video-sus-reuniones-con-politicos\/\" target=\"_blank\" rel=\"noopener noreferrer\">http:\/\/www.larepublica.ec\/blog\/politica\/2017\/06\/17\/ejecutivo-de-odebrecht-en-ecuador-grabo-en-video-sus-reuniones-con-politicos\/<\/a><\/p>\n","protected":false},"excerpt":{"rendered":"<p>&nbsp; &nbsp; Jos\u00e9 Santos, el ejecutivo de Odebrecht en Ecuador, ha usado como prueba de las delaciones con las que colabor\u00f3 en el juicio que se sigue en su contra en Brasil, videos hechos por \u00e9l de reuniones suyas con autoridades de Ecuador, seg\u00fan ha revelado la revista Veja, una de las m\u00e1s prestigiosas del Brasil. Como premio por los videos entregados a los jueces, Santos ha recibido la menor pena entre los 77 delatores de Odebrecht, seg\u00fan ha reportado Veja. Santos desempe\u00f1\u00f3 el cargo de Director Superintendente\u009d de Odebrecht en Ecuador, y vivi\u00f3 en el pa\u00eds 16 a\u00f1os.\u00a0Dirigi\u00f3 la construcci\u00f3n de la\u00a0Ruta Viva y la Central de Manduriacu, el Trasvase Daule Vinces, el Poliducto Pascuales Cuenca y el Acueducto La Esperanza (I) &nbsp; Fuente: http:\/\/www.larepublica.ec\/blog\/politica\/2017\/06\/17\/ejecutivo-de-odebrecht-en-ecuador-grabo-en-video-sus-reuniones-con-politicos\/<\/p>\n","protected":false},"author":1,"featured_media":244029,"comment_status":"open","ping_status":"open","sticky":false,"template":"","format":"standard","meta":[],"categories":[54,32,40,35,46],"tags":[],"_links":{"self":[{"href":"https:\/\/www.ecuadortimes.net\/es\/wp-json\/wp\/v2\/posts\/244028"}],"collection":[{"href":"https:\/\/www.ecuadortimes.net\/es\/wp-json\/wp\/v2\/posts"}],"about":[{"href":"https:\/\/www.ecuadortimes.net\/es\/wp-json\/wp\/v2\/types\/post"}],"author":[{"embeddable":true,"href":"https:\/\/www.ecuadortimes.net\/es\/wp-json\/wp\/v2\/users\/1"}],"replies":[{"embeddable":true,"href":"https:\/\/www.ecuadortimes.net\/es\/wp-json\/wp\/v2\/comments?post=244028"}],"version-history":[{"count":0,"href":"https:\/\/www.ecuadortimes.net\/es\/wp-json\/wp\/v2\/posts\/244028\/revisions"}],"wp:featuredmedia":[{"embeddable":true,"href":"https:\/\/www.ecuadortimes.net\/es\/wp-json\/wp\/v2\/media\/244029"}],"wp:attachment":[{"href":"https:\/\/www.ecuadortimes.net\/es\/wp-json\/wp\/v2\/media?parent=244028"}],"wp:term":[{"taxonomy":"category","embeddable":true,"href":"https:\/\/www.ecuadortimes.net\/es\/wp-json\/wp\/v2\/categories?post=244028"},{"taxonomy":"post_tag","embeddable":true,"href":"https:\/\/www.ecuadortimes.net\/es\/wp-json\/wp\/v2\/tags?post=244028"}],"curies":[{"name":"wp","href":"https:\/\/api.w.org\/{rel}","templated":true}]}}