{"id":244036,"date":"2017-06-19T00:00:00","date_gmt":"2017-06-19T00:00:00","guid":{"rendered":"https:\/\/www.ecuadortimes.net\/es\/gobierno-de-ecuador-rechaza-atentado-en-bogota\/"},"modified":"2017-06-19T00:00:00","modified_gmt":"2017-06-19T00:00:00","slug":"gobierno-de-ecuador-rechaza-atentado-en-bogota","status":"publish","type":"post","link":"https:\/\/www.ecuadortimes.net\/es\/gobierno-de-ecuador-rechaza-atentado-en-bogota\/","title":{"rendered":"Gobierno de Ecuador rechaza atentado en Bogot\u00e1"},"content":{"rendered":"<p>&nbsp;<\/p>\n<p><img loading=\"lazy\" class=\"size-full wp-image-186987 aligncenter\" src=\"https:\/\/www.ecuadortimes.net\/es\/wp-content\/uploads\/2017\/06\/ECUADORTIMES_ECUADORNEWS_ECUADOR_RECHAZA_ATENTADO_BOGOTA.jpg\" alt=\"\" width=\"620\" height=\"264\" \/><\/p>\n<p>&nbsp;<\/p>\n<p>El Gobierno ecuatoriano rechaz\u00f3 hoy los actos violentos indiscriminados contra la poblaci\u00f3n civil y se solidariz\u00f3 con Colombia tras el atentado ocurrido ayer en un centro comercial, en el que murieron tres personas.<\/p>\n<p>La <strong>Canciller\u00eda<\/strong> conden\u00f3 hoy la muerte de tres mujeres y, al menos, nueve heridos resultado de la explosi\u00f3n en el norte de la capital colombiana y rechaz\u00f3 estos actos violentos indiscriminados contra la poblaci\u00f3n civil\u009d, seg\u00fan un comunicado.<\/p>\n<p><strong>Este Ministerio rechaza los actos terroristas en cualquiera de sus manifestaciones y espera que los culpables de este repudiable crimen contra la Humanidad sean sancionadas con todo el peso de la Ley\u009d<\/strong>, indica la nota que expresa sus condolencias a los familiares de las v\u00edctimas.<\/p>\n<p>Un artefacto estall\u00f3 ayer en uno de los ba\u00f1os de mujeres del segundo piso del exclusivo Centro Comercial Andino, situado en la llamada zona rosa\u009d de Bogot\u00e1, donde hay tiendas, restaurantes y lugares de diversi\u00f3n, y las autoridades investigan su autor\u00eda. (I)<\/p>\n<p>&nbsp;<\/p>\n<p><strong>Fuente: <\/strong><a href=\"http:\/\/www.larepublica.ec\/blog\/politica\/2017\/06\/18\/gobierno-de-ecuador-rechaza-atentado-en-bogota\/\" target=\"_blank\" rel=\"noopener noreferrer\">http:\/\/www.larepublica.ec\/blog\/politica\/2017\/06\/18\/gobierno-de-ecuador-rechaza-atentado-en-bogota\/<\/a><strong><br \/>\n<\/strong><\/p>\n","protected":false},"excerpt":{"rendered":"<p>&nbsp; &nbsp; El Gobierno ecuatoriano rechaz\u00f3 hoy los actos violentos indiscriminados contra la poblaci\u00f3n civil y se solidariz\u00f3 con Colombia tras el atentado ocurrido ayer en un centro comercial, en el que murieron tres personas. La Canciller\u00eda conden\u00f3 hoy la muerte de tres mujeres y, al menos, nueve heridos resultado de la explosi\u00f3n en el norte de la capital colombiana y rechaz\u00f3 estos actos violentos indiscriminados contra la poblaci\u00f3n civil\u009d, seg\u00fan un comunicado. Este Ministerio rechaza los actos terroristas en cualquiera de sus manifestaciones y espera que los culpables de este repudiable crimen contra la Humanidad sean sancionadas con todo el peso de la Ley\u009d, indica la nota que expresa sus condolencias a los familiares de las v\u00edctimas. Un artefacto estall\u00f3 ayer en uno de los ba\u00f1os de mujeres del segundo piso del exclusivo Centro Comercial Andino, situado en la llamada zona rosa\u009d de Bogot\u00e1, donde hay tiendas, restaurantes y lugares de diversi\u00f3n, y las autoridades investigan su autor\u00eda. (I) &nbsp; Fuente: http:\/\/www.larepublica.ec\/blog\/politica\/2017\/06\/18\/gobierno-de-ecuador-rechaza-atentado-en-bogota\/<\/p>\n","protected":false},"author":1,"featured_media":244037,"comment_status":"open","ping_status":"open","sticky":false,"template":"","format":"standard","meta":[],"categories":[54,51,35],"tags":[],"_links":{"self":[{"href":"https:\/\/www.ecuadortimes.net\/es\/wp-json\/wp\/v2\/posts\/244036"}],"collection":[{"href":"https:\/\/www.ecuadortimes.net\/es\/wp-json\/wp\/v2\/posts"}],"about":[{"href":"https:\/\/www.ecuadortimes.net\/es\/wp-json\/wp\/v2\/types\/post"}],"author":[{"embeddable":true,"href":"https:\/\/www.ecuadortimes.net\/es\/wp-json\/wp\/v2\/users\/1"}],"replies":[{"embeddable":true,"href":"https:\/\/www.ecuadortimes.net\/es\/wp-json\/wp\/v2\/comments?post=244036"}],"version-history":[{"count":0,"href":"https:\/\/www.ecuadortimes.net\/es\/wp-json\/wp\/v2\/posts\/244036\/revisions"}],"wp:featuredmedia":[{"embeddable":true,"href":"https:\/\/www.ecuadortimes.net\/es\/wp-json\/wp\/v2\/media\/244037"}],"wp:attachment":[{"href":"https:\/\/www.ecuadortimes.net\/es\/wp-json\/wp\/v2\/media?parent=244036"}],"wp:term":[{"taxonomy":"category","embeddable":true,"href":"https:\/\/www.ecuadortimes.net\/es\/wp-json\/wp\/v2\/categories?post=244036"},{"taxonomy":"post_tag","embeddable":true,"href":"https:\/\/www.ecuadortimes.net\/es\/wp-json\/wp\/v2\/tags?post=244036"}],"curies":[{"name":"wp","href":"https:\/\/api.w.org\/{rel}","templated":true}]}}