{"id":244042,"date":"2017-06-19T00:00:00","date_gmt":"2017-06-19T00:00:00","guid":{"rendered":"https:\/\/www.ecuadortimes.net\/es\/julian-assange-huesped-de-embajada-desde-hace-cinco-anos\/"},"modified":"2017-06-19T00:00:00","modified_gmt":"2017-06-19T00:00:00","slug":"julian-assange-huesped-de-embajada-desde-hace-cinco-anos","status":"publish","type":"post","link":"https:\/\/www.ecuadortimes.net\/es\/julian-assange-huesped-de-embajada-desde-hace-cinco-anos\/","title":{"rendered":"Julian Assange, hu\u00e9sped de embajada desde hace cinco a\u00f1os"},"content":{"rendered":"<div><\/div>\n<div><img loading=\"lazy\" class=\"size-full wp-image-186984 aligncenter\" src=\"https:\/\/www.ecuadortimes.net\/es\/wp-content\/uploads\/2017\/06\/ECUADORTIMES_ECUADORNEWS_JULIAN_ASSANGE_-5_AN\u00cc\u0083OS.jpg\" alt=\"\" width=\"601\" height=\"450\" \/><\/div>\n<div><\/div>\n<div><\/div>\n<div class=\"location-event\"><strong>Londres &#8211;<\/strong>Entre Julian Assange y su libertad a\u00fan hay un obst\u00e1culo: la orden de arresto que mantiene la Polic\u00eda Metropolitana de Londres en su contra. En Londres, ya es verano de nuevo, y mientras los turistas se mueven entre las tiendas y cafeter\u00edas del exclusivo barrio Kensington, el fundador de WikiLeaks cumple hoy cinco a\u00f1os alojado en la embajada de Ecuador.<\/div>\n<p>\u00c3\u0089l ingres\u00f3 a la embajada el 19 de junio de 2012. Suecia lo acus\u00f3 de violar a dos mujeres, lo cual \u00e9l rechaz\u00f3. Los casos prescribieron hace unas semanas.<\/p>\n<p>En una entrevista a Renata \u00c3\u0081vila, parte del equipo defensor de Assange, se explic\u00f3 que a\u00fan tienen temas legales\u009d pendientes con la justicia brit\u00e1nica, pues para ejercer su asilo \u00e9l tuvo que romper con las condiciones de su arresto domiciliario\u009d. Por ello, seg\u00fan \u00c3\u0081vila, a\u00fan hay una discusi\u00f3n con la Fiscal\u00eda y la Polic\u00eda Metropolitana, pues ellos indican que es una falta que debe ser clarificada antes de que pueda abandonar Londres\u009d. Por ser un tema pol\u00edtico el proceso puede tomar semanas o meses.<\/p>\n<p>Hasta ahora el Gobierno ecuatoriano ha asegurado la estad\u00eda de Assange en la embajada. Sin embargo, en los primeros d\u00edas del Gobierno de Len\u00edn Moreno hubo tensiones.<\/p>\n<p>En una rueda de prensa, Moreno dijo: El se\u00f1or Assange es un <em>hacker,<\/em> es algo que nosotros rechazamos. En forma personal yo lo rechazo\u009d. Respeto la condici\u00f3n en la que est\u00e1, que exige el respeto de sus derechos humanos, pero tambi\u00e9n le pedimos que respete la situaci\u00f3n en la que se encuentra\u009d.<\/p>\n<p>Esta fue la respuesta a tuits de Assange en los que dijo que los ecuatorianos pueden confiar en que si WikiLeaks recibe evidencias de corrupci\u00f3n en Ecuador ser\u00e1n publicadas.<\/p>\n<p>Assange luego lo cuestion\u00f3 a trav\u00e9s de su cuenta de Twitter: \u00bfQui\u00e9n est\u00e1 aconsejando mal a Len\u00edn? Diciendo que no se me permite hablar de la pol\u00edtica de ning\u00fan pa\u00eds\u009d y luego hoy llam\u00e1ndome <em>hacker\u009d.<\/em><\/p>\n<p>Pasado este incidente, el australiano no ha vuelto a hablar de Ecuador o su gobierno. (I)<\/p>\n<p>&nbsp;<\/p>\n<p><strong>Fuente: <\/strong><a href=\"http:\/\/www.eluniverso.com\/noticias\/2017\/06\/19\/nota\/6238195\/assange-huesped-embajada-hace-cinco-anos\" target=\"_blank\" rel=\"noopener noreferrer\">http:\/\/www.eluniverso.com\/noticias\/2017\/06\/19\/nota\/6238195\/assange-huesped-embajada-hace-cinco-anos<\/a><strong><br \/>\n<\/strong><\/p>\n","protected":false},"excerpt":{"rendered":"<p>Londres &#8211;Entre Julian Assange y su libertad a\u00fan hay un obst\u00e1culo: la orden de arresto que mantiene la Polic\u00eda Metropolitana de Londres en su contra. En Londres, ya es verano de nuevo, y mientras los turistas se mueven entre las tiendas y cafeter\u00edas del exclusivo barrio Kensington, el fundador de WikiLeaks cumple hoy cinco a\u00f1os alojado en la embajada de Ecuador. \u00c3\u0089l ingres\u00f3 a la embajada el 19 de junio de 2012. Suecia lo acus\u00f3 de violar a dos mujeres, lo cual \u00e9l rechaz\u00f3. Los casos prescribieron hace unas semanas. En una entrevista a Renata \u00c3\u0081vila, parte del equipo defensor de Assange, se explic\u00f3 que a\u00fan tienen temas legales\u009d pendientes con la justicia brit\u00e1nica, pues para ejercer su asilo \u00e9l tuvo que romper con las condiciones de su arresto domiciliario\u009d. Por ello, seg\u00fan \u00c3\u0081vila, a\u00fan hay una discusi\u00f3n con la Fiscal\u00eda y la Polic\u00eda Metropolitana, pues ellos indican que es una falta que debe ser clarificada antes de que pueda abandonar Londres\u009d. Por ser un tema pol\u00edtico el proceso puede tomar semanas o meses. Hasta ahora el Gobierno ecuatoriano ha asegurado la estad\u00eda de Assange en la embajada. Sin embargo, en los primeros d\u00edas del Gobierno de Len\u00edn Moreno hubo tensiones. En una rueda de prensa, Moreno dijo: El se\u00f1or Assange es un hacker, es algo que nosotros rechazamos. En forma personal yo lo rechazo\u009d. Respeto la condici\u00f3n en la que est\u00e1, que exige el respeto de sus derechos humanos, pero tambi\u00e9n le pedimos que respete la situaci\u00f3n en la que se encuentra\u009d. Esta fue la respuesta a tuits de Assange en los que dijo que los ecuatorianos pueden confiar en que si WikiLeaks recibe evidencias de corrupci\u00f3n en Ecuador ser\u00e1n publicadas. Assange luego lo cuestion\u00f3 a trav\u00e9s de su cuenta de Twitter: \u00bfQui\u00e9n est\u00e1 aconsejando mal a Len\u00edn? Diciendo que no se me permite hablar de la pol\u00edtica de ning\u00fan pa\u00eds\u009d y luego hoy llam\u00e1ndome hacker\u009d. Pasado este incidente, el australiano no ha vuelto a hablar de Ecuador o su gobierno. (I) &nbsp; Fuente: http:\/\/www.eluniverso.com\/noticias\/2017\/06\/19\/nota\/6238195\/assange-huesped-embajada-hace-cinco-anos<\/p>\n","protected":false},"author":1,"featured_media":244043,"comment_status":"open","ping_status":"open","sticky":false,"template":"","format":"standard","meta":[],"categories":[54,32,51,35],"tags":[],"_links":{"self":[{"href":"https:\/\/www.ecuadortimes.net\/es\/wp-json\/wp\/v2\/posts\/244042"}],"collection":[{"href":"https:\/\/www.ecuadortimes.net\/es\/wp-json\/wp\/v2\/posts"}],"about":[{"href":"https:\/\/www.ecuadortimes.net\/es\/wp-json\/wp\/v2\/types\/post"}],"author":[{"embeddable":true,"href":"https:\/\/www.ecuadortimes.net\/es\/wp-json\/wp\/v2\/users\/1"}],"replies":[{"embeddable":true,"href":"https:\/\/www.ecuadortimes.net\/es\/wp-json\/wp\/v2\/comments?post=244042"}],"version-history":[{"count":0,"href":"https:\/\/www.ecuadortimes.net\/es\/wp-json\/wp\/v2\/posts\/244042\/revisions"}],"wp:featuredmedia":[{"embeddable":true,"href":"https:\/\/www.ecuadortimes.net\/es\/wp-json\/wp\/v2\/media\/244043"}],"wp:attachment":[{"href":"https:\/\/www.ecuadortimes.net\/es\/wp-json\/wp\/v2\/media?parent=244042"}],"wp:term":[{"taxonomy":"category","embeddable":true,"href":"https:\/\/www.ecuadortimes.net\/es\/wp-json\/wp\/v2\/categories?post=244042"},{"taxonomy":"post_tag","embeddable":true,"href":"https:\/\/www.ecuadortimes.net\/es\/wp-json\/wp\/v2\/tags?post=244042"}],"curies":[{"name":"wp","href":"https:\/\/api.w.org\/{rel}","templated":true}]}}