{"id":244048,"date":"2017-06-19T00:00:00","date_gmt":"2017-06-19T00:00:00","guid":{"rendered":"https:\/\/www.ecuadortimes.net\/es\/la-construccion-se-recupera-timidamente\/"},"modified":"2017-06-19T00:00:00","modified_gmt":"2017-06-19T00:00:00","slug":"la-construccion-se-recupera-timidamente","status":"publish","type":"post","link":"https:\/\/www.ecuadortimes.net\/es\/la-construccion-se-recupera-timidamente\/","title":{"rendered":"La construcci\u00f3n se recupera t\u00edmidamente"},"content":{"rendered":"<p>&nbsp;<\/p>\n<p><img loading=\"lazy\" class=\"size-full wp-image-186981 aligncenter\" src=\"https:\/\/www.ecuadortimes.net\/es\/wp-content\/uploads\/2017\/06\/ECUADORTIMES_ECUADORNEWS_CONSTRUCCION_RECUPERA_TIMIDAMENTE.jpg\" alt=\"\" width=\"762\" height=\"428\" \/><\/p>\n<p>&nbsp;<\/p>\n<p>En el primer trimestre de este a\u00f1o el volumen de la construcci\u00f3n se mantuvo en cifras negativas, en marzo fue de -12,3 en relaci\u00f3n a febrero de este a\u00f1o. Pero en el cuarto mes se ve una t\u00edmida recuperaci\u00f3n, sale de los n\u00fameros rojos a un 0,4 %, seg\u00fan el Estudio Mensual de Opini\u00f3n Empresarial de abril 2017, del Banco Central del Ecuador (BCE).<\/p>\n<p>\u00bfSignifica que el sector empieza el proceso de alzarse como en el pasado?<\/p>\n<p>No\u009d, dijo a Diario EXPRESO Enrique Pita, presidente de la C\u00e1mara de Construcci\u00f3n de Guayaquil.<\/p>\n<p>Explic\u00f3 que las se\u00f1ales de que el Gobierno estar\u00eda dispuesto a un di\u00e1logo con todos los sectores productivos, que el nuevo presidente Len\u00edn Moreno envi\u00f3 desde antes de asumir su cargo, marc\u00f3 la diferencia. Porque entonces se despert\u00f3 la confianza para reanudar algunos proyectos que se detuvieron. Es de esperar que de a poco siga subiendo, seg\u00fan el estudio para mayo se esperaba un incremento de 0,8 %, en relaci\u00f3n al mes anterior.<\/p>\n<p>Seg\u00fan Pita, el que el Gobierno d\u00e9 pistas de que va a apoyar a los sectores productivos, de que va a fortalecer el d\u00f3lar, el anuncio de que la ley de Plusval\u00eda ser\u00e1 revisada, al igual que el proyecto del dinero electr\u00f3nico; eso genera expectativas positivas en los constructores y en los compradores.<\/p>\n<p>Pero esto no significa que a corto plazo el sector se va a recuperar. Para que eso ocurra el entorno econ\u00f3mico tiene que darse en mejores condiciones, manifest\u00f3. Sin embargo, el proyecto que anuncia el Gobierno ser\u00e1 una posibilidad para que la actividad se reactive de forma significativa. Y en esta semana se empezar\u00e1n las conversaciones entre el Gobierno y el sector, lo primero ser\u00e1 saber los detalles del nuevo proyecto de vivienda. (I)<\/p>\n<p>&nbsp;<\/p>\n<p><strong>Fuente: <\/strong><a href=\"http:\/\/www.expreso.ec\/economia\/la-construccion-se-recupera-timidamente-KD1467194\" target=\"_blank\" rel=\"noopener noreferrer\">http:\/\/www.expreso.ec\/economia\/la-construccion-se-recupera-timidamente-KD1467194<\/a><strong><br \/>\n<\/strong><\/p>\n","protected":false},"excerpt":{"rendered":"<p>&nbsp; &nbsp; En el primer trimestre de este a\u00f1o el volumen de la construcci\u00f3n se mantuvo en cifras negativas, en marzo fue de -12,3 en relaci\u00f3n a febrero de este a\u00f1o. Pero en el cuarto mes se ve una t\u00edmida recuperaci\u00f3n, sale de los n\u00fameros rojos a un 0,4 %, seg\u00fan el Estudio Mensual de Opini\u00f3n Empresarial de abril 2017, del Banco Central del Ecuador (BCE). \u00bfSignifica que el sector empieza el proceso de alzarse como en el pasado? No\u009d, dijo a Diario EXPRESO Enrique Pita, presidente de la C\u00e1mara de Construcci\u00f3n de Guayaquil. Explic\u00f3 que las se\u00f1ales de que el Gobierno estar\u00eda dispuesto a un di\u00e1logo con todos los sectores productivos, que el nuevo presidente Len\u00edn Moreno envi\u00f3 desde antes de asumir su cargo, marc\u00f3 la diferencia. Porque entonces se despert\u00f3 la confianza para reanudar algunos proyectos que se detuvieron. Es de esperar que de a poco siga subiendo, seg\u00fan el estudio para mayo se esperaba un incremento de 0,8 %, en relaci\u00f3n al mes anterior. Seg\u00fan Pita, el que el Gobierno d\u00e9 pistas de que va a apoyar a los sectores productivos, de que va a fortalecer el d\u00f3lar, el anuncio de que la ley de Plusval\u00eda ser\u00e1 revisada, al igual que el proyecto del dinero electr\u00f3nico; eso genera expectativas positivas en los constructores y en los compradores. Pero esto no significa que a corto plazo el sector se va a recuperar. Para que eso ocurra el entorno econ\u00f3mico tiene que darse en mejores condiciones, manifest\u00f3. Sin embargo, el proyecto que anuncia el Gobierno ser\u00e1 una posibilidad para que la actividad se reactive de forma significativa. Y en esta semana se empezar\u00e1n las conversaciones entre el Gobierno y el sector, lo primero ser\u00e1 saber los detalles del nuevo proyecto de vivienda. (I) &nbsp; Fuente: http:\/\/www.expreso.ec\/economia\/la-construccion-se-recupera-timidamente-KD1467194<\/p>\n","protected":false},"author":1,"featured_media":244049,"comment_status":"open","ping_status":"open","sticky":false,"template":"","format":"standard","meta":[],"categories":[54,32,43,35],"tags":[],"_links":{"self":[{"href":"https:\/\/www.ecuadortimes.net\/es\/wp-json\/wp\/v2\/posts\/244048"}],"collection":[{"href":"https:\/\/www.ecuadortimes.net\/es\/wp-json\/wp\/v2\/posts"}],"about":[{"href":"https:\/\/www.ecuadortimes.net\/es\/wp-json\/wp\/v2\/types\/post"}],"author":[{"embeddable":true,"href":"https:\/\/www.ecuadortimes.net\/es\/wp-json\/wp\/v2\/users\/1"}],"replies":[{"embeddable":true,"href":"https:\/\/www.ecuadortimes.net\/es\/wp-json\/wp\/v2\/comments?post=244048"}],"version-history":[{"count":0,"href":"https:\/\/www.ecuadortimes.net\/es\/wp-json\/wp\/v2\/posts\/244048\/revisions"}],"wp:featuredmedia":[{"embeddable":true,"href":"https:\/\/www.ecuadortimes.net\/es\/wp-json\/wp\/v2\/media\/244049"}],"wp:attachment":[{"href":"https:\/\/www.ecuadortimes.net\/es\/wp-json\/wp\/v2\/media?parent=244048"}],"wp:term":[{"taxonomy":"category","embeddable":true,"href":"https:\/\/www.ecuadortimes.net\/es\/wp-json\/wp\/v2\/categories?post=244048"},{"taxonomy":"post_tag","embeddable":true,"href":"https:\/\/www.ecuadortimes.net\/es\/wp-json\/wp\/v2\/tags?post=244048"}],"curies":[{"name":"wp","href":"https:\/\/api.w.org\/{rel}","templated":true}]}}