{"id":244182,"date":"2017-06-27T00:00:00","date_gmt":"2017-06-27T00:00:00","guid":{"rendered":"https:\/\/www.ecuadortimes.net\/es\/cambios-a-la-ley-de-comunicacion-no-se-haran-a-la-medida-de-los-medios\/"},"modified":"2017-06-27T00:00:00","modified_gmt":"2017-06-27T00:00:00","slug":"cambios-a-la-ley-de-comunicacion-no-se-haran-a-la-medida-de-los-medios","status":"publish","type":"post","link":"https:\/\/www.ecuadortimes.net\/es\/cambios-a-la-ley-de-comunicacion-no-se-haran-a-la-medida-de-los-medios\/","title":{"rendered":"Cambios a la Ley de Comunicaci\u00f3n no se har\u00e1n a la medida de los medios"},"content":{"rendered":"<div><\/div>\n<div><img loading=\"lazy\" class=\"size-full wp-image-187295 aligncenter\" src=\"https:\/\/www.ecuadortimes.net\/es\/wp-content\/uploads\/2017\/06\/ECUADORTIMES_ECUADORNEWS_CAMBIOS_LEY_COMUNICACION.jpg\" alt=\"\" width=\"675\" height=\"450\" \/><\/div>\n<div><\/div>\n<div class=\"location-event\"><strong>Quito &#8211;<\/strong>El Gobierno se distancia de las propuestas de reforma a la\u00a0<a href=\"http:\/\/www.eluniverso.com\/tema\/ley-comunicacion\" target=\"_self\" rel=\"noopener noreferrer\">Ley de Comunicaci\u00f3n<\/a>, planteados desde varios grupos, que surgieron aprovechando el llamado al <strong>Di\u00e1logo Nacional<\/strong>, convocado por el presidente Len\u00edn Moreno.<\/div>\n<p><strong>El secretario de Comunicaci\u00f3n (Secom) del Palacio de Gobierno, \u00c3\u0081lex Mora, afirm\u00f3 ayer que es momento de entrar a un proceso de revisi\u00f3n, muy fino\u009d que se har\u00e1 en la mesa de Acuerdo por la Informaci\u00f3n, pero lament\u00f3 que quieran convertir esta posible revisi\u00f3n en las prioridades del Gobierno\u009d.<\/strong><\/p>\n<p>Se traen propuestas de reforma hechas por periodistas, escuchando solo a periodistas. En pocas palabras, una ley a la medida de los medios de comunicaci\u00f3n, y tampoco podemos retroceder en eso\u009d, aclar\u00f3 Mora en un foro de an\u00e1lisis de la ley, que organiz\u00f3 el asamble\u00edsta de AP Jorge Yunda, al que acudieron representantes de la sociedad y de la Superintendencia de Comunicaci\u00f3n (Supercom).<\/p>\n<p>En la Asamblea reposan cinco proyectos de reformas y uno de derogatoria, desde el anterior periodo legislativo.<\/p>\n<p>A estos pedidos se suman el de Romel Jurado, coautor del cuerpo legal, quien present\u00f3 un documento con temas que se pueden debatir\u009d a Mora, a finales de mayo; y el otro, presentado por Centro Democr\u00e1tico (CD) el pasado 13 de junio y que fue entregado a Yunda.<\/p>\n<p>A EL UNIVERSO Jurado explic\u00f3 que se debe discutir el linchamiento medi\u00e1tico, porque no ha sido entendido ni por las autoridades. Esta figura naci\u00f3 para proteger a las personas de la pr\u00e1ctica injusta e inmoral de usar de manera abusiva uno o m\u00e1s medios para afectar la honra de una persona por razones pol\u00edticas, econ\u00f3micas y personales\u009d, expres\u00f3.<\/p>\n<p>A\u00f1adi\u00f3 que se deben crear otros mecanismos para sancionar que no sean necesariamente econ\u00f3micos, sino por ejemplo, llegar a acuerdo de reparaci\u00f3n con el medio sancionado.<\/p>\n<p>Mientras, el l\u00edder de CD, Jimmy Jairala, cree que debe eliminarse la\u00a0<a href=\"http:\/\/www.eluniverso.com\/tema\/superintendencia-informacion-comunicacion-0\" target=\"_self\" rel=\"noopener noreferrer\">Supercom\u00a0<\/a>y el Consejo de Regulaci\u00f3n de la Comunicaci\u00f3n (Cordicom), pues se convirtieron en inquisidores y aplicadores de multas\u009d.<\/p>\n<p>Propone integrar un consejo de once representantes de instituciones del Estado.<\/p>\n<p>Sin embargo, en el marco de este foro, Elsa Quispe, funcionaria de la Supercom, defendi\u00f3 a la entidad, y anot\u00f3 que si la eliminan la ley ser\u00e1 de papel\u009d.<\/p>\n<p>Esgrimi\u00f3 que en los cuatro a\u00f1os de vigencia del articulado se registraron 550 denuncias, de ellas, 306 eran ciudadanas.<\/p>\n<p>Roberto Manciatti, delegado de los Canales Comunitarios y Regionales (CCREA), record\u00f3 los aspectos de la norma que no se han cumplido, como la elecci\u00f3n de los defensores de audiencias, as\u00ed como la distribuci\u00f3n de frecuencias del Estado, en un 34 % para medios comunitarios.<\/p>\n<p>Guadalupe Fierro, presidenta de la Uni\u00f3n Nacional de Periodistas (UNP), insisti\u00f3 en que se elimine la Supercom, adem\u00e1s que se suprima la palabra servicio p\u00fablico\u009d, el linchamiento medi\u00e1tico y se elabore una nueva Ley de Comunicaci\u00f3n\u009d.<\/p>\n<p>Yunda, al final de este acto, se comprometi\u00f3 a tocar puertas\u009d para poder impulsar las modificaciones. (I)<\/p>\n<p>&nbsp;<\/p>\n<p><strong>Fuente: <\/strong><a href=\"http:\/\/www.eluniverso.com\/noticias\/2017\/06\/27\/nota\/6251419\/cambios-ley-no-se-haran-medida-medios\" target=\"_blank\" rel=\"noopener noreferrer\">http:\/\/www.eluniverso.com\/noticias\/2017\/06\/27\/nota\/6251419\/cambios-ley-no-se-haran-medida-medios<\/a><\/p>\n","protected":false},"excerpt":{"rendered":"<p>Quito &#8211;El Gobierno se distancia de las propuestas de reforma a la\u00a0Ley de Comunicaci\u00f3n, planteados desde varios grupos, que surgieron aprovechando el llamado al Di\u00e1logo Nacional, convocado por el presidente Len\u00edn Moreno. El secretario de Comunicaci\u00f3n (Secom) del Palacio de Gobierno, \u00c3\u0081lex Mora, afirm\u00f3 ayer que es momento de entrar a un proceso de revisi\u00f3n, muy fino\u009d que se har\u00e1 en la mesa de Acuerdo por la Informaci\u00f3n, pero lament\u00f3 que quieran convertir esta posible revisi\u00f3n en las prioridades del Gobierno\u009d. Se traen propuestas de reforma hechas por periodistas, escuchando solo a periodistas. En pocas palabras, una ley a la medida de los medios de comunicaci\u00f3n, y tampoco podemos retroceder en eso\u009d, aclar\u00f3 Mora en un foro de an\u00e1lisis de la ley, que organiz\u00f3 el asamble\u00edsta de AP Jorge Yunda, al que acudieron representantes de la sociedad y de la Superintendencia de Comunicaci\u00f3n (Supercom). En la Asamblea reposan cinco proyectos de reformas y uno de derogatoria, desde el anterior periodo legislativo. A estos pedidos se suman el de Romel Jurado, coautor del cuerpo legal, quien present\u00f3 un documento con temas que se pueden debatir\u009d a Mora, a finales de mayo; y el otro, presentado por Centro Democr\u00e1tico (CD) el pasado 13 de junio y que fue entregado a Yunda. A EL UNIVERSO Jurado explic\u00f3 que se debe discutir el linchamiento medi\u00e1tico, porque no ha sido entendido ni por las autoridades. Esta figura naci\u00f3 para proteger a las personas de la pr\u00e1ctica injusta e inmoral de usar de manera abusiva uno o m\u00e1s medios para afectar la honra de una persona por razones pol\u00edticas, econ\u00f3micas y personales\u009d, expres\u00f3. A\u00f1adi\u00f3 que se deben crear otros mecanismos para sancionar que no sean necesariamente econ\u00f3micos, sino por ejemplo, llegar a acuerdo de reparaci\u00f3n con el medio sancionado. Mientras, el l\u00edder de CD, Jimmy Jairala, cree que debe eliminarse la\u00a0Supercom\u00a0y el Consejo de Regulaci\u00f3n de la Comunicaci\u00f3n (Cordicom), pues se convirtieron en inquisidores y aplicadores de multas\u009d. Propone integrar un consejo de once representantes de instituciones del Estado. Sin embargo, en el marco de este foro, Elsa Quispe, funcionaria de la Supercom, defendi\u00f3 a la entidad, y anot\u00f3 que si la eliminan la ley ser\u00e1 de papel\u009d. Esgrimi\u00f3 que en los cuatro a\u00f1os de vigencia del articulado se registraron 550 denuncias, de ellas, 306 eran ciudadanas. Roberto Manciatti, delegado de los Canales Comunitarios y Regionales (CCREA), record\u00f3 los aspectos de la norma que no se han cumplido, como la elecci\u00f3n de los defensores de audiencias, as\u00ed como la distribuci\u00f3n de frecuencias del Estado, en un 34 % para medios comunitarios. Guadalupe Fierro, presidenta de la Uni\u00f3n Nacional de Periodistas (UNP), insisti\u00f3 en que se elimine la Supercom, adem\u00e1s que se suprima la palabra servicio p\u00fablico\u009d, el linchamiento medi\u00e1tico y se elabore una nueva Ley de Comunicaci\u00f3n\u009d. Yunda, al final de este acto, se comprometi\u00f3 a tocar puertas\u009d para poder impulsar las modificaciones. (I) &nbsp; Fuente: http:\/\/www.eluniverso.com\/noticias\/2017\/06\/27\/nota\/6251419\/cambios-ley-no-se-haran-medida-medios<\/p>\n","protected":false},"author":1,"featured_media":244183,"comment_status":"open","ping_status":"open","sticky":false,"template":"","format":"standard","meta":[],"categories":[54,32,40,35],"tags":[],"_links":{"self":[{"href":"https:\/\/www.ecuadortimes.net\/es\/wp-json\/wp\/v2\/posts\/244182"}],"collection":[{"href":"https:\/\/www.ecuadortimes.net\/es\/wp-json\/wp\/v2\/posts"}],"about":[{"href":"https:\/\/www.ecuadortimes.net\/es\/wp-json\/wp\/v2\/types\/post"}],"author":[{"embeddable":true,"href":"https:\/\/www.ecuadortimes.net\/es\/wp-json\/wp\/v2\/users\/1"}],"replies":[{"embeddable":true,"href":"https:\/\/www.ecuadortimes.net\/es\/wp-json\/wp\/v2\/comments?post=244182"}],"version-history":[{"count":0,"href":"https:\/\/www.ecuadortimes.net\/es\/wp-json\/wp\/v2\/posts\/244182\/revisions"}],"wp:featuredmedia":[{"embeddable":true,"href":"https:\/\/www.ecuadortimes.net\/es\/wp-json\/wp\/v2\/media\/244183"}],"wp:attachment":[{"href":"https:\/\/www.ecuadortimes.net\/es\/wp-json\/wp\/v2\/media?parent=244182"}],"wp:term":[{"taxonomy":"category","embeddable":true,"href":"https:\/\/www.ecuadortimes.net\/es\/wp-json\/wp\/v2\/categories?post=244182"},{"taxonomy":"post_tag","embeddable":true,"href":"https:\/\/www.ecuadortimes.net\/es\/wp-json\/wp\/v2\/tags?post=244182"}],"curies":[{"name":"wp","href":"https:\/\/api.w.org\/{rel}","templated":true}]}}