{"id":244184,"date":"2017-06-27T00:00:00","date_gmt":"2017-06-27T00:00:00","guid":{"rendered":"https:\/\/www.ecuadortimes.net\/es\/diario-argentino-dice-que-vinicio-alvarado-es-el-nuevo-asesor-de-cristina-kirchner\/"},"modified":"2017-06-27T00:00:00","modified_gmt":"2017-06-27T00:00:00","slug":"diario-argentino-dice-que-vinicio-alvarado-es-el-nuevo-asesor-de-cristina-kirchner","status":"publish","type":"post","link":"https:\/\/www.ecuadortimes.net\/es\/diario-argentino-dice-que-vinicio-alvarado-es-el-nuevo-asesor-de-cristina-kirchner\/","title":{"rendered":"Diario argentino dice que Vinicio Alvarado es el nuevo asesor de Cristina Kirchner"},"content":{"rendered":"<p>&nbsp;<\/p>\n<p><img loading=\"lazy\" class=\"size-full wp-image-187308 aligncenter\" src=\"https:\/\/www.ecuadortimes.net\/es\/wp-content\/uploads\/2017\/06\/ECUADORTIMES_ECUADORNEWS_VINICIO_ALVARADO_NUEVO_ASESRO_CRISTINA_KIRCHNER.jpg\" alt=\"\" width=\"940\" height=\"613\" \/><\/p>\n<p>&nbsp;<\/p>\n<p>El diario argentino\u00a0<strong>Perfil<\/strong>\u00a0ha informado, en su edici\u00f3n del lunes 26, que el exSecretario General de la Administraci\u00f3n de Ecuador,\u00a0<strong>Vinicio Alvarado<\/strong>, que dirigi\u00f3 la campa\u00f1a del actual Presidente\u00a0<strong>Len\u00edn Moreno<\/strong>, ahora es el cerebro\u009d de la nueva campa\u00f1a de la expresidenta\u00a0<strong>Cristina Kirchner<\/strong>, quien se ha postulado para el Senado de Argentina.<\/p>\n<p>Seg\u00fan Perfil, que no cita fuentes,\u00a0<strong>Alvarado ha sido recomendado a Cristina por Rafael Correa<\/strong>. El diario atribuye tambi\u00e9n a Alvarado haber trabajado para el kirchnerismo en la campa\u00f1a presidencial del oficialista\u00a0<strong>Danel Scioli<\/strong>, quien finalmente fue derrotado por\u00a0<strong>Mauricio Macri<\/strong>. Se le atribuye, concretamente, haber preparado el debate con Macri.<\/p>\n<p>Antes de encargarse de la campa\u00f1a de Len\u00edn Moreno, Vinicio Alvarado fue Ministro Coordinador de la Producci\u00f3n. (I)<\/p>\n<p>&nbsp;<\/p>\n<p><strong>Fuente: <\/strong><a href=\"http:\/\/www.larepublica.ec\/blog\/politica\/2017\/06\/26\/diario-argentino-dice-vinicio-alvarado-nuevo-asesor-cristina-kirchner\/#prettyPhoto\" target=\"_blank\" rel=\"noopener noreferrer\">http:\/\/www.larepublica.ec\/blog\/politica\/2017\/06\/26\/diario-argentino-dice-vinicio-alvarado-nuevo-asesor-cristina-kirchner\/#prettyPhoto<\/a><\/p>\n<p>&nbsp;<\/p>\n","protected":false},"excerpt":{"rendered":"<p>&nbsp; &nbsp; El diario argentino\u00a0Perfil\u00a0ha informado, en su edici\u00f3n del lunes 26, que el exSecretario General de la Administraci\u00f3n de Ecuador,\u00a0Vinicio Alvarado, que dirigi\u00f3 la campa\u00f1a del actual Presidente\u00a0Len\u00edn Moreno, ahora es el cerebro\u009d de la nueva campa\u00f1a de la expresidenta\u00a0Cristina Kirchner, quien se ha postulado para el Senado de Argentina. Seg\u00fan Perfil, que no cita fuentes,\u00a0Alvarado ha sido recomendado a Cristina por Rafael Correa. El diario atribuye tambi\u00e9n a Alvarado haber trabajado para el kirchnerismo en la campa\u00f1a presidencial del oficialista\u00a0Danel Scioli, quien finalmente fue derrotado por\u00a0Mauricio Macri. Se le atribuye, concretamente, haber preparado el debate con Macri. Antes de encargarse de la campa\u00f1a de Len\u00edn Moreno, Vinicio Alvarado fue Ministro Coordinador de la Producci\u00f3n. (I) &nbsp; Fuente: http:\/\/www.larepublica.ec\/blog\/politica\/2017\/06\/26\/diario-argentino-dice-vinicio-alvarado-nuevo-asesor-cristina-kirchner\/#prettyPhoto &nbsp;<\/p>\n","protected":false},"author":1,"featured_media":244185,"comment_status":"open","ping_status":"open","sticky":false,"template":"","format":"standard","meta":[],"categories":[54,32,34],"tags":[],"_links":{"self":[{"href":"https:\/\/www.ecuadortimes.net\/es\/wp-json\/wp\/v2\/posts\/244184"}],"collection":[{"href":"https:\/\/www.ecuadortimes.net\/es\/wp-json\/wp\/v2\/posts"}],"about":[{"href":"https:\/\/www.ecuadortimes.net\/es\/wp-json\/wp\/v2\/types\/post"}],"author":[{"embeddable":true,"href":"https:\/\/www.ecuadortimes.net\/es\/wp-json\/wp\/v2\/users\/1"}],"replies":[{"embeddable":true,"href":"https:\/\/www.ecuadortimes.net\/es\/wp-json\/wp\/v2\/comments?post=244184"}],"version-history":[{"count":0,"href":"https:\/\/www.ecuadortimes.net\/es\/wp-json\/wp\/v2\/posts\/244184\/revisions"}],"wp:featuredmedia":[{"embeddable":true,"href":"https:\/\/www.ecuadortimes.net\/es\/wp-json\/wp\/v2\/media\/244185"}],"wp:attachment":[{"href":"https:\/\/www.ecuadortimes.net\/es\/wp-json\/wp\/v2\/media?parent=244184"}],"wp:term":[{"taxonomy":"category","embeddable":true,"href":"https:\/\/www.ecuadortimes.net\/es\/wp-json\/wp\/v2\/categories?post=244184"},{"taxonomy":"post_tag","embeddable":true,"href":"https:\/\/www.ecuadortimes.net\/es\/wp-json\/wp\/v2\/tags?post=244184"}],"curies":[{"name":"wp","href":"https:\/\/api.w.org\/{rel}","templated":true}]}}