{"id":244190,"date":"2017-06-27T00:00:00","date_gmt":"2017-06-27T00:00:00","guid":{"rendered":"https:\/\/www.ecuadortimes.net\/es\/los-videos-grabados-por-funcionario-de-odebrecht-han-sido-exhibidos-a-los-acusados\/"},"modified":"2017-06-27T00:00:00","modified_gmt":"2017-06-27T00:00:00","slug":"los-videos-grabados-por-funcionario-de-odebrecht-han-sido-exhibidos-a-los-acusados","status":"publish","type":"post","link":"https:\/\/www.ecuadortimes.net\/es\/los-videos-grabados-por-funcionario-de-odebrecht-han-sido-exhibidos-a-los-acusados\/","title":{"rendered":"Los videos grabados por funcionario de Odebrecht han sido exhibidos a los acusados"},"content":{"rendered":"<p>&nbsp;<\/p>\n<p><img loading=\"lazy\" class=\"size-full wp-image-187307 aligncenter\" src=\"https:\/\/www.ecuadortimes.net\/es\/wp-content\/uploads\/2017\/06\/ECUADORTIMES_ECUADORNEWS_VIDESO_FUNCIONARIOS_ODEBRECHT_ACUSADOS.jpg\" alt=\"\" width=\"620\" height=\"264\" \/><\/p>\n<p>&nbsp;<\/p>\n<p>Desde las 10h00 de este lunes 26 de junio, se realiz\u00f3 una nueva diligencia en la Unidad de Criminal\u00edstica, al norte de Quito por el\u00a0esc\u00e1ndalo de corrupci\u00f3n de la empresa\u00a0<strong>Odebrecht.\u00a0<\/strong>Se llev\u00f3 a cabo el peritaje de una memoria externa, entregada por un \u009d\u00a0<strong><a href=\"http:\/\/www.larepublica.ec\/blog\/politica\/2017\/06\/17\/ejecutivo-de-odebrecht-en-ecuador-grabo-en-video-sus-reuniones-con-politicos\/\" target=\"_blank\" rel=\"noopener noreferrer\">Cooperador C1\u00b3<\/a>\u00a0(colaborador en el caso)\u00a0<\/strong>el pasado 9 de junio a la fiscal\u00eda de Ecuador y la cual est\u00e1 en reserva.<\/p>\n<p>La Fiscal\u00eda no ha revelado qui\u00e9n es el Cooperador C1 ni qui\u00e9nes son los funcionarios que aparecen en los videos.<\/p>\n<p>El pasado\u00a016 de junio la revista brasile\u00f1a\u00a0<strong><a href=\"http:\/\/veja.abril.com.br\/blog\/radar-on-line\/executivo-da-odebrecht-no-equador-ja-gravou-politicos\/\">Veja<\/a>,\u00a0<\/strong>inform\u00f3 que<strong>\u00a0Jos\u00e9 Santos<\/strong>, el ejecutivo de\u00a0<strong>Odebrecht<\/strong>\u00a0en Ecuador, us\u00f3\u00a0como prueba de las delaciones con las que colabor\u00f3 en el juicio que se sigue en su contra en Brasil,\u00a0<strong>videos hechos por \u00e9l de reuniones suyas con autoridades de Ecuador<\/strong>.<\/p>\n<p>Se desconoce si\u00a0<strong>Santos<\/strong>\u00a0sea el Cooperador C1\u009d al que se refiere la Fiscal\u00eda por\u00a0<strong>Odebrecht<\/strong>, o si se trata de otro funcionario de esa compa\u00f1\u00eda.<\/p>\n<p>En la audiencia de reconocimiento y materializaci\u00f3n de la informaci\u00f3n estuvieron presentes la fiscal Diana Salazar, y\u00a0los abogados de los 7 procesados por delincuencia organizada, \u00a0entre ellos\u00a0<strong>Ricardo Rivera,<\/strong>\u00a0t\u00edo del vicepresidente Jorge Glas.<\/p>\n<p>Los videos e im\u00e1genes que contiene la memoria externa solamente fueron presentadas a los asistentes.\u00a0La audiencia se suspendi\u00f3 cerca de las 14:00, y se convoc\u00f3 su reinstalaci\u00f3n para las 16:00, seg\u00fan reporta el Diario el Universo. Adem\u00e1s, debido a la reserva que existe dentro de la investigaci\u00f3n por el esc\u00e1ndalo de corrupci\u00f3n, los abogados prefirieron no ahondar en comentarios. (I)<\/p>\n<p>&nbsp;<\/p>\n<p><strong>Fuente: <\/strong><a href=\"http:\/\/www.larepublica.ec\/blog\/politica\/2017\/06\/26\/los-videos-grabados-por-funcionario-de-odebrecht-ha-sido-exhibido-a-los-acusados\/\" target=\"_blank\" rel=\"noopener noreferrer\">http:\/\/www.larepublica.ec\/blog\/politica\/2017\/06\/26\/los-videos-grabados-por-funcionario-de-odebrecht-ha-sido-exhibido-a-los-acusados\/<\/a><strong><br \/>\n<\/strong><\/p>\n","protected":false},"excerpt":{"rendered":"<p>&nbsp; &nbsp; Desde las 10h00 de este lunes 26 de junio, se realiz\u00f3 una nueva diligencia en la Unidad de Criminal\u00edstica, al norte de Quito por el\u00a0esc\u00e1ndalo de corrupci\u00f3n de la empresa\u00a0Odebrecht.\u00a0Se llev\u00f3 a cabo el peritaje de una memoria externa, entregada por un \u009d\u00a0Cooperador C1\u00b3\u00a0(colaborador en el caso)\u00a0el pasado 9 de junio a la fiscal\u00eda de Ecuador y la cual est\u00e1 en reserva. La Fiscal\u00eda no ha revelado qui\u00e9n es el Cooperador C1 ni qui\u00e9nes son los funcionarios que aparecen en los videos. El pasado\u00a016 de junio la revista brasile\u00f1a\u00a0Veja,\u00a0inform\u00f3 que\u00a0Jos\u00e9 Santos, el ejecutivo de\u00a0Odebrecht\u00a0en Ecuador, us\u00f3\u00a0como prueba de las delaciones con las que colabor\u00f3 en el juicio que se sigue en su contra en Brasil,\u00a0videos hechos por \u00e9l de reuniones suyas con autoridades de Ecuador. Se desconoce si\u00a0Santos\u00a0sea el Cooperador C1\u009d al que se refiere la Fiscal\u00eda por\u00a0Odebrecht, o si se trata de otro funcionario de esa compa\u00f1\u00eda. En la audiencia de reconocimiento y materializaci\u00f3n de la informaci\u00f3n estuvieron presentes la fiscal Diana Salazar, y\u00a0los abogados de los 7 procesados por delincuencia organizada, \u00a0entre ellos\u00a0Ricardo Rivera,\u00a0t\u00edo del vicepresidente Jorge Glas. Los videos e im\u00e1genes que contiene la memoria externa solamente fueron presentadas a los asistentes.\u00a0La audiencia se suspendi\u00f3 cerca de las 14:00, y se convoc\u00f3 su reinstalaci\u00f3n para las 16:00, seg\u00fan reporta el Diario el Universo. Adem\u00e1s, debido a la reserva que existe dentro de la investigaci\u00f3n por el esc\u00e1ndalo de corrupci\u00f3n, los abogados prefirieron no ahondar en comentarios. (I) &nbsp; Fuente: http:\/\/www.larepublica.ec\/blog\/politica\/2017\/06\/26\/los-videos-grabados-por-funcionario-de-odebrecht-ha-sido-exhibido-a-los-acusados\/<\/p>\n","protected":false},"author":1,"featured_media":244191,"comment_status":"open","ping_status":"open","sticky":false,"template":"","format":"standard","meta":[],"categories":[54,32,41,56,46],"tags":[],"_links":{"self":[{"href":"https:\/\/www.ecuadortimes.net\/es\/wp-json\/wp\/v2\/posts\/244190"}],"collection":[{"href":"https:\/\/www.ecuadortimes.net\/es\/wp-json\/wp\/v2\/posts"}],"about":[{"href":"https:\/\/www.ecuadortimes.net\/es\/wp-json\/wp\/v2\/types\/post"}],"author":[{"embeddable":true,"href":"https:\/\/www.ecuadortimes.net\/es\/wp-json\/wp\/v2\/users\/1"}],"replies":[{"embeddable":true,"href":"https:\/\/www.ecuadortimes.net\/es\/wp-json\/wp\/v2\/comments?post=244190"}],"version-history":[{"count":0,"href":"https:\/\/www.ecuadortimes.net\/es\/wp-json\/wp\/v2\/posts\/244190\/revisions"}],"wp:featuredmedia":[{"embeddable":true,"href":"https:\/\/www.ecuadortimes.net\/es\/wp-json\/wp\/v2\/media\/244191"}],"wp:attachment":[{"href":"https:\/\/www.ecuadortimes.net\/es\/wp-json\/wp\/v2\/media?parent=244190"}],"wp:term":[{"taxonomy":"category","embeddable":true,"href":"https:\/\/www.ecuadortimes.net\/es\/wp-json\/wp\/v2\/categories?post=244190"},{"taxonomy":"post_tag","embeddable":true,"href":"https:\/\/www.ecuadortimes.net\/es\/wp-json\/wp\/v2\/tags?post=244190"}],"curies":[{"name":"wp","href":"https:\/\/api.w.org\/{rel}","templated":true}]}}