{"id":244196,"date":"2017-06-27T00:00:00","date_gmt":"2017-06-27T00:00:00","guid":{"rendered":"https:\/\/www.ecuadortimes.net\/es\/jovenes-contra-la-tabla-de-consumo-de-drogas\/"},"modified":"2017-06-27T00:00:00","modified_gmt":"2017-06-27T00:00:00","slug":"jovenes-contra-la-tabla-de-consumo-de-drogas","status":"publish","type":"post","link":"https:\/\/www.ecuadortimes.net\/es\/jovenes-contra-la-tabla-de-consumo-de-drogas\/","title":{"rendered":"J\u00f3venes, contra la tabla de consumo de drogas"},"content":{"rendered":"<p>&nbsp;<\/p>\n<p><img loading=\"lazy\" class=\"size-full wp-image-187298 aligncenter\" src=\"https:\/\/www.ecuadortimes.net\/es\/wp-content\/uploads\/2017\/06\/ECUADORTIMES_ECUADORNEWS_JOVENES_TABLA_CONSUMO_DROGAS.jpg\" alt=\"\" width=\"762\" height=\"428\" \/><\/p>\n<p>&nbsp;<\/p>\n<p>La abolici\u00f3n de la tabla de consumo de droga fue uno de los pedidos formulados ayer por estudiantes de cinco universidades del pa\u00eds y un instituto superior tecnol\u00f3gico, durante un debate con motivo de conmemorarse el D\u00eda Internacional de la <strong>Lucha contra el Uso Indebido y el Tr\u00e1fico Il\u00edcito de Drogas.<\/strong><\/p>\n<p>A criterio de los universitarios, esta tabla se ha convertido en un arma letal para los j\u00f3venes porque les permite portar libremente las drogas, as\u00ed como una puerta abierta para el trabajo del microtraficante.<\/p>\n<p>Esto ha permitido que las drogas sean de f\u00e1cil acceso para la juventud\u009d, considera Freddy Vill\u00f3n, egresado de Enfermer\u00eda del <strong>Instituto Tecnol\u00f3gico Bolivariano (ITB)<\/strong>, quien propuso una campa\u00f1a de prevenci\u00f3n permanente que no se centre solo en charlas una vez que se detecta el problema y que luego se deriva en otro tipo de charlas en los centros de rehabilitaci\u00f3n.<\/p>\n<p>Otra propuesta de Villao es que se capacite a las familias sobre esta problem\u00e1tica y que se incluya en la malla curricular una asignatura que trate la lucha contra las drogas.<\/p>\n<p>Desde el a\u00f1o 2013, en Ecuador rige una tabla que establece las cantidades m\u00e1ximas de sustancias estupefacientes y psicotr\u00f3picas que un ciudadano puede portar para no ser considerado micro o narcotraficante. Esto evita que el consumidor sea criminalizado y llevado a la c\u00e1rcel en lugar de recibir tratamiento para superar su adicci\u00f3n.<\/p>\n<p>Silvia Salazar, de la Universidad Estatal de Milagro, se mostr\u00f3 preocupada ante la falta de recursos que tienen las instituciones para tratar el problema. Explica que en muchos colegios no se pueden ejecutar acciones debido a la falta de personal. Se han implementado los Departamentos de Consejer\u00edas Estudiantiles, pero no todos cuentan con los profesionales requeridos\u009d.<\/p>\n<p>Jomayra Guevara, de la Universidad T\u00e9cnica de Babahoyo, cree que las campa\u00f1as de prevenci\u00f3n deben estar a cargo de profesionales. Ellos deber\u00e1n ofrecer apoyo al joven que ha ca\u00eddo en el problema y ayudarlo a salir adelante, involucrando a la familia en esta tarea\u009d.<\/p>\n<p>Ricardo Guzm\u00e1n y Katiuska Mar\u00edn, estudiantes de la Escuela Superior Polit\u00e9cnica del Litoral (Espol), reconocen que el Estado ha invertido en campa\u00f1as de prevenci\u00f3n dirigida a los j\u00f3venes. No obstante, indican que estas deber\u00edan ir dirigidas a las familias de todas las clases sociales, porque all\u00ed es donde se inicia la problem\u00e1tica\u009d.<\/p>\n<p>El encuentro interuniversitario fue organizado por la Escuela Superior Polit\u00e9cnica del Litoral (Espol), a trav\u00e9s de su Unidad de Bienestar Estudiantil y el Club de Estudiantes Argumentum, con el aval de la Secretar\u00eda T\u00e9cnica de Drogas (Seted).<\/p>\n<p><b>VOCES<\/b><\/p>\n<p><b><\/b><b>Mayra Escobar, psic\u00f3loga de la Universidad Estatal<\/b><\/p>\n<p><b><\/b>Las autoridades no solo deben dedicarse a la captura de los microtraficantes, sino tambi\u00e9n a la b\u00fasqueda de elementos que hagan que el joven no caiga en las drogas.<\/p>\n<p><b>Fabrizzio Leones, estudiante de la Universidad de Guayaquil<\/b><\/p>\n<p><b><\/b>Los universitarios podr\u00edan colaborar en las campa\u00f1as de prevenci\u00f3n. Se debe invertir m\u00e1s en una debida informaci\u00f3n para los j\u00f3venes que son el mercado al cual se le venden las drogas\u009d.<\/p>\n<p><b>Jean Piere Mendoza, estudiante de la Universidad T\u00e9cnica Estatal de Quevedo<\/b><\/p>\n<p><b><\/b>Se debe trabajar en campa\u00f1as integradoras donde participen las autoridades, los j\u00f3venes, la comunidad, pero sobre todo la familia. La tabla de consumo hay que abolirla.<\/p>\n<p>&nbsp;<\/p>\n<p><strong>Fuente: <\/strong><a href=\"http:\/\/www.expreso.ec\/guayaquil\/jovenes-contra-la-tabla-de-consumo-de-drogas-XJ1496440\" target=\"_blank\" rel=\"noopener noreferrer\">http:\/\/www.expreso.ec\/guayaquil\/jovenes-contra-la-tabla-de-consumo-de-drogas-XJ1496440<\/a><\/p>\n","protected":false},"excerpt":{"rendered":"<p>&nbsp; &nbsp; La abolici\u00f3n de la tabla de consumo de droga fue uno de los pedidos formulados ayer por estudiantes de cinco universidades del pa\u00eds y un instituto superior tecnol\u00f3gico, durante un debate con motivo de conmemorarse el D\u00eda Internacional de la Lucha contra el Uso Indebido y el Tr\u00e1fico Il\u00edcito de Drogas. A criterio de los universitarios, esta tabla se ha convertido en un arma letal para los j\u00f3venes porque les permite portar libremente las drogas, as\u00ed como una puerta abierta para el trabajo del microtraficante. Esto ha permitido que las drogas sean de f\u00e1cil acceso para la juventud\u009d, considera Freddy Vill\u00f3n, egresado de Enfermer\u00eda del Instituto Tecnol\u00f3gico Bolivariano (ITB), quien propuso una campa\u00f1a de prevenci\u00f3n permanente que no se centre solo en charlas una vez que se detecta el problema y que luego se deriva en otro tipo de charlas en los centros de rehabilitaci\u00f3n. Otra propuesta de Villao es que se capacite a las familias sobre esta problem\u00e1tica y que se incluya en la malla curricular una asignatura que trate la lucha contra las drogas. Desde el a\u00f1o 2013, en Ecuador rige una tabla que establece las cantidades m\u00e1ximas de sustancias estupefacientes y psicotr\u00f3picas que un ciudadano puede portar para no ser considerado micro o narcotraficante. Esto evita que el consumidor sea criminalizado y llevado a la c\u00e1rcel en lugar de recibir tratamiento para superar su adicci\u00f3n. Silvia Salazar, de la Universidad Estatal de Milagro, se mostr\u00f3 preocupada ante la falta de recursos que tienen las instituciones para tratar el problema. Explica que en muchos colegios no se pueden ejecutar acciones debido a la falta de personal. Se han implementado los Departamentos de Consejer\u00edas Estudiantiles, pero no todos cuentan con los profesionales requeridos\u009d. Jomayra Guevara, de la Universidad T\u00e9cnica de Babahoyo, cree que las campa\u00f1as de prevenci\u00f3n deben estar a cargo de profesionales. Ellos deber\u00e1n ofrecer apoyo al joven que ha ca\u00eddo en el problema y ayudarlo a salir adelante, involucrando a la familia en esta tarea\u009d. Ricardo Guzm\u00e1n y Katiuska Mar\u00edn, estudiantes de la Escuela Superior Polit\u00e9cnica del Litoral (Espol), reconocen que el Estado ha invertido en campa\u00f1as de prevenci\u00f3n dirigida a los j\u00f3venes. No obstante, indican que estas deber\u00edan ir dirigidas a las familias de todas las clases sociales, porque all\u00ed es donde se inicia la problem\u00e1tica\u009d. El encuentro interuniversitario fue organizado por la Escuela Superior Polit\u00e9cnica del Litoral (Espol), a trav\u00e9s de su Unidad de Bienestar Estudiantil y el Club de Estudiantes Argumentum, con el aval de la Secretar\u00eda T\u00e9cnica de Drogas (Seted). VOCES Mayra Escobar, psic\u00f3loga de la Universidad Estatal Las autoridades no solo deben dedicarse a la captura de los microtraficantes, sino tambi\u00e9n a la b\u00fasqueda de elementos que hagan que el joven no caiga en las drogas. Fabrizzio Leones, estudiante de la Universidad de Guayaquil Los universitarios podr\u00edan colaborar en las campa\u00f1as de prevenci\u00f3n. Se debe invertir m\u00e1s en una debida informaci\u00f3n para los j\u00f3venes que son el mercado al cual se le venden las drogas\u009d. Jean Piere Mendoza, estudiante de la Universidad T\u00e9cnica Estatal de Quevedo Se debe trabajar en campa\u00f1as integradoras donde participen las autoridades, los j\u00f3venes, la comunidad, pero sobre todo la familia. La tabla de consumo hay que abolirla. &nbsp; Fuente: http:\/\/www.expreso.ec\/guayaquil\/jovenes-contra-la-tabla-de-consumo-de-drogas-XJ1496440<\/p>\n","protected":false},"author":1,"featured_media":244197,"comment_status":"open","ping_status":"open","sticky":false,"template":"","format":"standard","meta":[],"categories":[54,32,35],"tags":[],"_links":{"self":[{"href":"https:\/\/www.ecuadortimes.net\/es\/wp-json\/wp\/v2\/posts\/244196"}],"collection":[{"href":"https:\/\/www.ecuadortimes.net\/es\/wp-json\/wp\/v2\/posts"}],"about":[{"href":"https:\/\/www.ecuadortimes.net\/es\/wp-json\/wp\/v2\/types\/post"}],"author":[{"embeddable":true,"href":"https:\/\/www.ecuadortimes.net\/es\/wp-json\/wp\/v2\/users\/1"}],"replies":[{"embeddable":true,"href":"https:\/\/www.ecuadortimes.net\/es\/wp-json\/wp\/v2\/comments?post=244196"}],"version-history":[{"count":0,"href":"https:\/\/www.ecuadortimes.net\/es\/wp-json\/wp\/v2\/posts\/244196\/revisions"}],"wp:featuredmedia":[{"embeddable":true,"href":"https:\/\/www.ecuadortimes.net\/es\/wp-json\/wp\/v2\/media\/244197"}],"wp:attachment":[{"href":"https:\/\/www.ecuadortimes.net\/es\/wp-json\/wp\/v2\/media?parent=244196"}],"wp:term":[{"taxonomy":"category","embeddable":true,"href":"https:\/\/www.ecuadortimes.net\/es\/wp-json\/wp\/v2\/categories?post=244196"},{"taxonomy":"post_tag","embeddable":true,"href":"https:\/\/www.ecuadortimes.net\/es\/wp-json\/wp\/v2\/tags?post=244196"}],"curies":[{"name":"wp","href":"https:\/\/api.w.org\/{rel}","templated":true}]}}