{"id":244202,"date":"2017-06-27T00:00:00","date_gmt":"2017-06-27T00:00:00","guid":{"rendered":"https:\/\/www.ecuadortimes.net\/es\/festejo-al-estilo-disney\/"},"modified":"2017-06-27T00:00:00","modified_gmt":"2017-06-27T00:00:00","slug":"festejo-al-estilo-disney","status":"publish","type":"post","link":"https:\/\/www.ecuadortimes.net\/es\/festejo-al-estilo-disney\/","title":{"rendered":"Festejo al estilo Disney"},"content":{"rendered":"<p>&nbsp;<\/p>\n<p><img loading=\"lazy\" class=\"size-full wp-image-187297 aligncenter\" src=\"https:\/\/www.ecuadortimes.net\/es\/wp-content\/uploads\/2017\/06\/ECUADORTIMES_ECUADORNEWS_FESTEJO_ESTILO_DISNEY.jpg\" alt=\"\" width=\"762\" height=\"428\" \/><\/p>\n<p>&nbsp;<\/p>\n<p>Este a\u00f1o, las actividades festivas por el <strong>Mes de Guayaquil incluir\u00e1n shows con efectos especiales, piratas y bailarines en programas como \u0098Tesoros de Guayaquil\u0099, con el fin de representar a lo Disney\u009d los diferentes aspectos de nuestra ciudad.<\/strong><\/p>\n<p>As\u00ed lo resalt\u00f3 ayer la presidenta de la Empresa P\u00fablica de Turismo de Guayaquil, Gloria Gallardo, al anunciar en rueda de prensa el plan de festejos para el mes de julio, en que la ciudad celebra un nuevo aniversario de su proceso de fundaci\u00f3n.<\/p>\n<p>Las embarcaciones tendr\u00e1n elementos de la cultura porte\u00f1a y contar\u00e1n con efectos de humo y luces. <strong>El folclore, las actuaciones y efectos de sonido pretenden transportar al p\u00fablico a un viaje por la historia.<\/strong><\/p>\n<p>El desfile n\u00e1utico tendr\u00e1 tem\u00e1ticas hist\u00f3ricas sobre escenarios flotantes, con m\u00fasica y recreaciones de los ataques de los piratas en la \u00e9poca colonial. Contar\u00e1 con 11 embarcaciones.<\/p>\n<p>Adem\u00e1s, por primera vez, Guayaquil ser\u00e1 la sede de una convenci\u00f3n internacional de tatuajes. El \u0098Tattoo Fest\u0099 contar\u00e1 con exponentes nacionales e internacionales que dictar\u00e1n seminarios y diversos talleres enfocados en el arte de las modificaciones corporales.<\/p>\n<p>Como es tradicional, las instituciones educativas participar\u00e1n en el desfile c\u00edvico estudiantil \u0098Guayaquil es mi destino en sus fiestas de fundaci\u00f3n\u0099 con carros aleg\u00f3ricos, bailarines y comparsas.<\/p>\n<p>El show de esqu\u00ed acu\u00e1tico \u0098Star of Florida\u0099 cerrar\u00e1 las fiestas de fundaci\u00f3n en el malec\u00f3n Sim\u00f3n Bol\u00edvar, frente al Yacht Club Naval. El show tendr\u00e1 la participaci\u00f3n de acr\u00f3batas internacionales de Estados Unidos que realizar\u00e1n piruetas y pir\u00e1mides humanas.<\/p>\n<p>EXPRESO presenta una s\u00edntesis de las principales actividades de la agenda festiva.<\/p>\n<p><b>LA AGENDA JULIANA<\/b><\/p>\n<p><b><\/b><b>S\u00e1bado 1<\/b><\/p>\n<p><b><\/b>Preg\u00f3n por las fiestas julianas con la participaci\u00f3n de bandas de m\u00fasica estudiantiles y grupos de danza.<\/p>\n<p>Hora: 10:00<\/p>\n<p>Lugar: Malec\u00f3n Sim\u00f3n Bol\u00edvar y 9 de Octubre.<\/p>\n<p><b>Mi\u00e9rcoles 5<\/b><\/p>\n<p><b><\/b>Festival de oratoria \u0098Guayaquil es mi destino en sus fiestas de fundaci\u00f3n\u0099.<\/p>\n<p>Hora: 10:00 a 12:00<\/p>\n<p>Lugar: Jardines de la iglesia Santo Domingo (junto a la Plaza Col\u00f3n).<\/p>\n<p><b>Viernes 7<\/b><\/p>\n<p><b><\/b>Festival internacional Tattoo Fest Guayaquil.<\/p>\n<p>Lugar: Palacio de Cristal.<\/p>\n<p>Participan: Artistas en tatuaje nacionales e internacionales.<\/p>\n<p>Costo: $ 10 por d\u00eda y $ 25 los 3 d\u00edas.<\/p>\n<p><b>Viernes 14<\/b><\/p>\n<p><b><\/b>Concierto con las sopranos Elisa Villavicencio, Olga Cazorla, el tenor Ovidio Parra y Washington Delgado.<\/p>\n<p>Hora: 17:00<\/p>\n<p>Lugar: Pasaje Arosemena (Malec\u00f3n Sim\u00f3n Bol\u00edvar y 10 de Agosto).<\/p>\n<p><b>Viernes 21<\/b><\/p>\n<p><b><\/b>Apertura de la IV Feria Internacional Gastron\u00f3mica Ra\u00edces.<\/p>\n<p>Hora: 12:00<\/p>\n<p>Horarios de feria: 10:00 a 22:00.<\/p>\n<p>Lugar: Sal\u00f3n de los Presidentes del Centro de Convenciones, av. de las Am\u00e9ricas.<\/p>\n<p><b>S\u00e1bado 22<\/b><\/p>\n<p><b><\/b>Desfile N\u00e1utico \u0098El r\u00edo Guayas es mi destino\u0099.<\/p>\n<p>Hora: 15:30<\/p>\n<p>Recorrido: Inicia a la altura de la calle Manab\u00ed, por el antiguo mercado Sur, hasta el Puerto Santa Ana.<\/p>\n<p><b>Domingo 23<\/b><\/p>\n<p><b><\/b>\u0098Guayaquil de mis amores\u0099, show art\u00edstico.<\/p>\n<p>Hora: 19:00<\/p>\n<p>Lugar: Ciudadela Las Acacias<\/p>\n<p>Participan: Artistas nacionales.<\/p>\n<p><b>Lunes 24<\/b><\/p>\n<p><b><\/b>Ofrenda floral en homenaje al natalicio del Libertador Sim\u00f3n Bol\u00edvar.<\/p>\n<p>Hora: 09:00<\/p>\n<p>Lugar: Parque Seminario.<\/p>\n<p><b>Martes 25<\/b><\/p>\n<p><b><\/b>Desfile C\u00edvico Estudiantil.<\/p>\n<p>Primera Etapa<\/p>\n<p>Hora: 07:00.<\/p>\n<p>Av. Las Esclusas, 25 de Julio, Quito hasta el parque de la Victoria.<\/p>\n<p>Segunda Etapa: Hora: 10:00<\/p>\n<p>Av. Quito, 1 de Mayo, Lorenzo de Garaycoa, 9 de Octubre, Malec\u00f3n.<\/p>\n<p>Tercera Etapa:<\/p>\n<p>Hora: 16:00<\/p>\n<p>Av. 9 de Octubre.<\/p>\n<p>Sesi\u00f3n solemne del Concejo Cantonal por los 482 a\u00f1os de fundaci\u00f3n.<\/p>\n<p>Hora: 17:00.<\/p>\n<p>Lugar: Antiguo Mercado Sur (Palacio de Cristal)<\/p>\n<p>Autoridades civiles, militares y eclesi\u00e1sticas.<\/p>\n<p>Jueves 27Tributo de la juventud \u0098Guayaquil es mi destino en sus fiestas de fundaci\u00f3n\u0099.<\/p>\n<p>Hora: 18:00<\/p>\n<p>Lugar: Estadio Alberto Spencer<\/p>\n<p><b>S\u00e1bado 29<\/b><\/p>\n<p><b><\/b>Show de esqu\u00ed acu\u00e1tico \u0098Star of Florida\u0099.<\/p>\n<p>Hora: 11:00<\/p>\n<p>Domingo 30 de julio a las 10:30 y 13:00<\/p>\n<p>Lugar: A lo largo del r\u00edo Guayas (Malec\u00f3n Sim\u00f3n Bol\u00edvar)<\/p>\n<p><b>S\u00e1bado 29<\/b><\/p>\n<p><b><\/b>Exhibici\u00f3n de autos tuning<\/p>\n<p>Hora: 10:00.<\/p>\n<p>Lugar: Av. Narcisa de Jes\u00fas, frente al Parque Samanes.<\/p>\n<p>&nbsp;<\/p>\n<p><strong>Fuente: <\/strong><a href=\"http:\/\/www.expreso.ec\/guayaquil\/festejo-al-estilo-disney-LJ1496379\" target=\"_blank\" rel=\"noopener noreferrer\">http:\/\/www.expreso.ec\/guayaquil\/festejo-al-estilo-disney-LJ1496379<\/a><\/p>\n","protected":false},"excerpt":{"rendered":"<p>&nbsp; &nbsp; Este a\u00f1o, las actividades festivas por el Mes de Guayaquil incluir\u00e1n shows con efectos especiales, piratas y bailarines en programas como \u0098Tesoros de Guayaquil\u0099, con el fin de representar a lo Disney\u009d los diferentes aspectos de nuestra ciudad. As\u00ed lo resalt\u00f3 ayer la presidenta de la Empresa P\u00fablica de Turismo de Guayaquil, Gloria Gallardo, al anunciar en rueda de prensa el plan de festejos para el mes de julio, en que la ciudad celebra un nuevo aniversario de su proceso de fundaci\u00f3n. Las embarcaciones tendr\u00e1n elementos de la cultura porte\u00f1a y contar\u00e1n con efectos de humo y luces. El folclore, las actuaciones y efectos de sonido pretenden transportar al p\u00fablico a un viaje por la historia. El desfile n\u00e1utico tendr\u00e1 tem\u00e1ticas hist\u00f3ricas sobre escenarios flotantes, con m\u00fasica y recreaciones de los ataques de los piratas en la \u00e9poca colonial. Contar\u00e1 con 11 embarcaciones. Adem\u00e1s, por primera vez, Guayaquil ser\u00e1 la sede de una convenci\u00f3n internacional de tatuajes. El \u0098Tattoo Fest\u0099 contar\u00e1 con exponentes nacionales e internacionales que dictar\u00e1n seminarios y diversos talleres enfocados en el arte de las modificaciones corporales. Como es tradicional, las instituciones educativas participar\u00e1n en el desfile c\u00edvico estudiantil \u0098Guayaquil es mi destino en sus fiestas de fundaci\u00f3n\u0099 con carros aleg\u00f3ricos, bailarines y comparsas. El show de esqu\u00ed acu\u00e1tico \u0098Star of Florida\u0099 cerrar\u00e1 las fiestas de fundaci\u00f3n en el malec\u00f3n Sim\u00f3n Bol\u00edvar, frente al Yacht Club Naval. El show tendr\u00e1 la participaci\u00f3n de acr\u00f3batas internacionales de Estados Unidos que realizar\u00e1n piruetas y pir\u00e1mides humanas. EXPRESO presenta una s\u00edntesis de las principales actividades de la agenda festiva. LA AGENDA JULIANA S\u00e1bado 1 Preg\u00f3n por las fiestas julianas con la participaci\u00f3n de bandas de m\u00fasica estudiantiles y grupos de danza. Hora: 10:00 Lugar: Malec\u00f3n Sim\u00f3n Bol\u00edvar y 9 de Octubre. Mi\u00e9rcoles 5 Festival de oratoria \u0098Guayaquil es mi destino en sus fiestas de fundaci\u00f3n\u0099. Hora: 10:00 a 12:00 Lugar: Jardines de la iglesia Santo Domingo (junto a la Plaza Col\u00f3n). Viernes 7 Festival internacional Tattoo Fest Guayaquil. Lugar: Palacio de Cristal. Participan: Artistas en tatuaje nacionales e internacionales. Costo: $ 10 por d\u00eda y $ 25 los 3 d\u00edas. Viernes 14 Concierto con las sopranos Elisa Villavicencio, Olga Cazorla, el tenor Ovidio Parra y Washington Delgado. Hora: 17:00 Lugar: Pasaje Arosemena (Malec\u00f3n Sim\u00f3n Bol\u00edvar y 10 de Agosto). Viernes 21 Apertura de la IV Feria Internacional Gastron\u00f3mica Ra\u00edces. Hora: 12:00 Horarios de feria: 10:00 a 22:00. Lugar: Sal\u00f3n de los Presidentes del Centro de Convenciones, av. de las Am\u00e9ricas. S\u00e1bado 22 Desfile N\u00e1utico \u0098El r\u00edo Guayas es mi destino\u0099. Hora: 15:30 Recorrido: Inicia a la altura de la calle Manab\u00ed, por el antiguo mercado Sur, hasta el Puerto Santa Ana. Domingo 23 \u0098Guayaquil de mis amores\u0099, show art\u00edstico. Hora: 19:00 Lugar: Ciudadela Las Acacias Participan: Artistas nacionales. Lunes 24 Ofrenda floral en homenaje al natalicio del Libertador Sim\u00f3n Bol\u00edvar. Hora: 09:00 Lugar: Parque Seminario. Martes 25 Desfile C\u00edvico Estudiantil. Primera Etapa Hora: 07:00. Av. Las Esclusas, 25 de Julio, Quito hasta el parque de la Victoria. Segunda Etapa: Hora: 10:00 Av. Quito, 1 de Mayo, Lorenzo de Garaycoa, 9 de Octubre, Malec\u00f3n. Tercera Etapa: Hora: 16:00 Av. 9 de Octubre. Sesi\u00f3n solemne del Concejo Cantonal por los 482 a\u00f1os de fundaci\u00f3n. Hora: 17:00. Lugar: Antiguo Mercado Sur (Palacio de Cristal) Autoridades civiles, militares y eclesi\u00e1sticas. Jueves 27Tributo de la juventud \u0098Guayaquil es mi destino en sus fiestas de fundaci\u00f3n\u0099. Hora: 18:00 Lugar: Estadio Alberto Spencer S\u00e1bado 29 Show de esqu\u00ed acu\u00e1tico \u0098Star of Florida\u0099. Hora: 11:00 Domingo 30 de julio a las 10:30 y 13:00 Lugar: A lo largo del r\u00edo Guayas (Malec\u00f3n Sim\u00f3n Bol\u00edvar) S\u00e1bado 29 Exhibici\u00f3n de autos tuning Hora: 10:00. Lugar: Av. Narcisa de Jes\u00fas, frente al Parque Samanes. &nbsp; Fuente: http:\/\/www.expreso.ec\/guayaquil\/festejo-al-estilo-disney-LJ1496379<\/p>\n","protected":false},"author":1,"featured_media":244203,"comment_status":"open","ping_status":"open","sticky":false,"template":"","format":"standard","meta":[],"categories":[54,32,35],"tags":[],"_links":{"self":[{"href":"https:\/\/www.ecuadortimes.net\/es\/wp-json\/wp\/v2\/posts\/244202"}],"collection":[{"href":"https:\/\/www.ecuadortimes.net\/es\/wp-json\/wp\/v2\/posts"}],"about":[{"href":"https:\/\/www.ecuadortimes.net\/es\/wp-json\/wp\/v2\/types\/post"}],"author":[{"embeddable":true,"href":"https:\/\/www.ecuadortimes.net\/es\/wp-json\/wp\/v2\/users\/1"}],"replies":[{"embeddable":true,"href":"https:\/\/www.ecuadortimes.net\/es\/wp-json\/wp\/v2\/comments?post=244202"}],"version-history":[{"count":0,"href":"https:\/\/www.ecuadortimes.net\/es\/wp-json\/wp\/v2\/posts\/244202\/revisions"}],"wp:featuredmedia":[{"embeddable":true,"href":"https:\/\/www.ecuadortimes.net\/es\/wp-json\/wp\/v2\/media\/244203"}],"wp:attachment":[{"href":"https:\/\/www.ecuadortimes.net\/es\/wp-json\/wp\/v2\/media?parent=244202"}],"wp:term":[{"taxonomy":"category","embeddable":true,"href":"https:\/\/www.ecuadortimes.net\/es\/wp-json\/wp\/v2\/categories?post=244202"},{"taxonomy":"post_tag","embeddable":true,"href":"https:\/\/www.ecuadortimes.net\/es\/wp-json\/wp\/v2\/tags?post=244202"}],"curies":[{"name":"wp","href":"https:\/\/api.w.org\/{rel}","templated":true}]}}