{"id":244206,"date":"2017-06-27T00:00:00","date_gmt":"2017-06-27T00:00:00","guid":{"rendered":"https:\/\/www.ecuadortimes.net\/es\/shakira-incluye-a-ecuador-en-su-gira-mundial\/"},"modified":"2017-06-27T00:00:00","modified_gmt":"2017-06-27T00:00:00","slug":"shakira-incluye-a-ecuador-en-su-gira-mundial","status":"publish","type":"post","link":"https:\/\/www.ecuadortimes.net\/es\/shakira-incluye-a-ecuador-en-su-gira-mundial\/","title":{"rendered":"Shakira incluye a Ecuador en su gira mundial"},"content":{"rendered":"<p>&nbsp;<\/p>\n<p><img loading=\"lazy\" class=\"size-full wp-image-187306 aligncenter\" src=\"https:\/\/www.ecuadortimes.net\/es\/wp-content\/uploads\/2017\/06\/ECUADORTIMES_ECUADORNEWS_SHAKIRA_GIRA_MUNDIAL_ECUADOR.jpeg\" alt=\"\" width=\"612\" height=\"340\" \/><\/p>\n<p>&nbsp;<\/p>\n<p><strong>La cantante colombiana Shakira anunci\u00f3 el pasado 24 de junio del 2017, en su cuenta de Twitter, los pa\u00edses que est\u00e1n incluidos en su pr\u00f3xima gira mundial.<\/strong> La barranquillera escribi\u00f3 en la red social Est\u00e9n atentos\u009d y coloc\u00f3 banderas de los pa\u00edses que visitar\u00e1, entre ellos figura la de Ecuador.<br \/>\n<small><\/small><\/p>\n<p>El mensaje de la int\u00e9rprete incluye las im\u00e1genes de 18 pa\u00edses que ser\u00edan parte de su gira y adem\u00e1s tiene un link que conecta con un formulario para suscribirse a las noticias de la artista. El 26 de mayo pasado, la cantante lanz\u00f3 su m\u00e1s reciente trabajo discogr\u00e1fico \u0098El Dorado\u0099 despu\u00e9s de tres a\u00f1os de su \u00faltimo \u00e1lbum titulado &#8216;Shakira&#8217;. En la producci\u00f3n hay temas muy familiares como La bicicleta, el gran \u00e9xito compuesto junto a su compatriota Carlos Vives. Otro de los \u00e9xitos es Chantaje, su celebrada colaboraci\u00f3n con el cantante urbano Maluma.<\/p>\n<p><strong>Me enamor\u00e9 es otra de las canciones que incluye el disco, un tema dedicado a su pareja y padre de sus dos hijos, Gerard Piqu\u00e9<\/strong>. Las fechas de la gira de la barranquillera todav\u00eda no se han dado a conocer, pero tras el mensaje los comentarios de emoci\u00f3n y expectativa por parte de sus fans no se han hecho esperar. Muchos escribieron su agradecimiento por tener en cuenta a sus pa\u00edses dentro de la gira, mientras que otros fan\u00e1ticos especulan los sitios en d\u00f3nde se vender\u00e1n las entradas. En el Ecuador, a\u00fan ninguna empresa organizadora de eventos musicales se ha pronunciado sobre el espect\u00e1culo con el que la colombiana retornar\u00eda a deleitar con sus temas de fama mundial. (I)<small><\/small><\/p>\n<p>&nbsp;<\/p>\n<p><strong>Fuente: <\/strong><a href=\"http:\/\/www.elcomercio.com\/tendencias\/shakira-ecuador-giramundial-concierto-musica.html\" target=\"_blank\" rel=\"noopener noreferrer\">http:\/\/www.elcomercio.com\/tendencias\/shakira-ecuador-giramundial-concierto-musica.html<\/a><\/p>\n","protected":false},"excerpt":{"rendered":"<p>&nbsp; &nbsp; La cantante colombiana Shakira anunci\u00f3 el pasado 24 de junio del 2017, en su cuenta de Twitter, los pa\u00edses que est\u00e1n incluidos en su pr\u00f3xima gira mundial. La barranquillera escribi\u00f3 en la red social Est\u00e9n atentos\u009d y coloc\u00f3 banderas de los pa\u00edses que visitar\u00e1, entre ellos figura la de Ecuador. El mensaje de la int\u00e9rprete incluye las im\u00e1genes de 18 pa\u00edses que ser\u00edan parte de su gira y adem\u00e1s tiene un link que conecta con un formulario para suscribirse a las noticias de la artista. El 26 de mayo pasado, la cantante lanz\u00f3 su m\u00e1s reciente trabajo discogr\u00e1fico \u0098El Dorado\u0099 despu\u00e9s de tres a\u00f1os de su \u00faltimo \u00e1lbum titulado &#8216;Shakira&#8217;. En la producci\u00f3n hay temas muy familiares como La bicicleta, el gran \u00e9xito compuesto junto a su compatriota Carlos Vives. Otro de los \u00e9xitos es Chantaje, su celebrada colaboraci\u00f3n con el cantante urbano Maluma. Me enamor\u00e9 es otra de las canciones que incluye el disco, un tema dedicado a su pareja y padre de sus dos hijos, Gerard Piqu\u00e9. Las fechas de la gira de la barranquillera todav\u00eda no se han dado a conocer, pero tras el mensaje los comentarios de emoci\u00f3n y expectativa por parte de sus fans no se han hecho esperar. Muchos escribieron su agradecimiento por tener en cuenta a sus pa\u00edses dentro de la gira, mientras que otros fan\u00e1ticos especulan los sitios en d\u00f3nde se vender\u00e1n las entradas. En el Ecuador, a\u00fan ninguna empresa organizadora de eventos musicales se ha pronunciado sobre el espect\u00e1culo con el que la colombiana retornar\u00eda a deleitar con sus temas de fama mundial. (I) &nbsp; Fuente: http:\/\/www.elcomercio.com\/tendencias\/shakira-ecuador-giramundial-concierto-musica.html<\/p>\n","protected":false},"author":1,"featured_media":244207,"comment_status":"open","ping_status":"open","sticky":false,"template":"","format":"standard","meta":[],"categories":[54,32,44,42],"tags":[],"_links":{"self":[{"href":"https:\/\/www.ecuadortimes.net\/es\/wp-json\/wp\/v2\/posts\/244206"}],"collection":[{"href":"https:\/\/www.ecuadortimes.net\/es\/wp-json\/wp\/v2\/posts"}],"about":[{"href":"https:\/\/www.ecuadortimes.net\/es\/wp-json\/wp\/v2\/types\/post"}],"author":[{"embeddable":true,"href":"https:\/\/www.ecuadortimes.net\/es\/wp-json\/wp\/v2\/users\/1"}],"replies":[{"embeddable":true,"href":"https:\/\/www.ecuadortimes.net\/es\/wp-json\/wp\/v2\/comments?post=244206"}],"version-history":[{"count":0,"href":"https:\/\/www.ecuadortimes.net\/es\/wp-json\/wp\/v2\/posts\/244206\/revisions"}],"wp:featuredmedia":[{"embeddable":true,"href":"https:\/\/www.ecuadortimes.net\/es\/wp-json\/wp\/v2\/media\/244207"}],"wp:attachment":[{"href":"https:\/\/www.ecuadortimes.net\/es\/wp-json\/wp\/v2\/media?parent=244206"}],"wp:term":[{"taxonomy":"category","embeddable":true,"href":"https:\/\/www.ecuadortimes.net\/es\/wp-json\/wp\/v2\/categories?post=244206"},{"taxonomy":"post_tag","embeddable":true,"href":"https:\/\/www.ecuadortimes.net\/es\/wp-json\/wp\/v2\/tags?post=244206"}],"curies":[{"name":"wp","href":"https:\/\/api.w.org\/{rel}","templated":true}]}}