{"id":244208,"date":"2017-06-28T00:00:00","date_gmt":"2017-06-28T00:00:00","guid":{"rendered":"https:\/\/www.ecuadortimes.net\/es\/presidente-lenin-moreno-les-pide-ejercer-sin-autoritarismos\/"},"modified":"2017-06-28T00:00:00","modified_gmt":"2017-06-28T00:00:00","slug":"presidente-lenin-moreno-les-pide-ejercer-sin-autoritarismos","status":"publish","type":"post","link":"https:\/\/www.ecuadortimes.net\/es\/presidente-lenin-moreno-les-pide-ejercer-sin-autoritarismos\/","title":{"rendered":"Presidente Len\u00edn Moreno les pide ejercer sin autoritarismos"},"content":{"rendered":"<div><\/div>\n<div><img loading=\"lazy\" class=\"size-full wp-image-187365 aligncenter\" src=\"https:\/\/www.ecuadortimes.net\/es\/wp-content\/uploads\/2017\/06\/ECUADORTIMES_ECUADORNEWS_LENIN_MORENO_EJERCER_SIN_AUTORITARISMO.png\" alt=\"\" width=\"580\" height=\"402\" \/><\/div>\n<div><\/div>\n<div class=\"location-event\"><strong><em>Quito<\/em> -El presidente Len\u00edn Moreno<\/strong> pidi\u00f3 a los nuevos gobernadores <strong>ejercer sus funciones sin autoritarismos y sin excesos<\/strong>, con lealtad y compromiso.<\/div>\n<p>La pol\u00edtica, lastimosamente, no tiene la mejor imagen dentro de la ciudadan\u00eda, pues vamos a recuperarla. \u00bfC\u00f3mo la estamos recuperando? Abriendo espacios, respetando la libertad de opini\u00f3n, sabiendo que en la diversidad est\u00e1 el mayor activo que tiene este pa\u00eds\u009d, dijo Moreno como parte del discurso de posesi\u00f3n de los funcionarios en el Palacio de Carondelet.<\/p>\n<p><strong>Moreno aprovech\u00f3 para informar sobre las principales iniciativas del r\u00e9gimen<\/strong>. Habl\u00f3 de la conformaci\u00f3n del Frente contra la Corrupci\u00f3n, del Plan Toda una Vida, del Consejo Consultivo, Productivo Tributario, del cual mencion\u00f3 que habr\u00e1 muchas diferencias de opiniones\u009d pero, a la final, el Gobierno tomar\u00e1 la \u00faltima decisi\u00f3n.<\/p>\n<p>Entre los nuevos gobernadores est\u00e1 la primera mujer ind\u00edgena en ocupar ese cargo, Paolina Vercoutere, en Imbabura.<\/p>\n<p>Al final del encuentro, el mandatario obsequi\u00f3 a los gobernadores un retrato de Manuela Espejo. Y entonces aclar\u00f3 que no se est\u00e1 reemplazando la imagen del expresidente Rafael Correa en los despachos p\u00fablicos sino su imagen (la de Moreno) por la de personajes hist\u00f3ricos.<\/p>\n<p>Mientras esto ocurr\u00eda en Palacio, en la Plaza Grande, los familiares de cinco uniformados con sentencias de hasta doce a\u00f1os por magnicidio por los hechos en torno a la revuelta policial del 30 de septiembre de 2010 gritaban y ped\u00edan su indulto.<\/p>\n<p>En el acto, tambi\u00e9n estuvieron presentes la secretaria de gesti\u00f3n de la Pol\u00edtica, Paola Pab\u00f3n: el ministro del Interior, C\u00e9sar Navas, y el titular de la Secretar\u00eda Nacional de Planificaci\u00f3n y Desarrollo (Senplades), Andr\u00e9s Mideros. (I)<\/p>\n<p>&nbsp;<\/p>\n<p><strong>Fuente: <\/strong><a href=\"http:\/\/www.eluniverso.com\/noticias\/2017\/06\/28\/nota\/6252577\/presidente-les-pide-ejercer-autoritarismos\" target=\"_blank\" rel=\"noopener noreferrer\">http:\/\/www.eluniverso.com\/noticias\/2017\/06\/28\/nota\/6252577\/presidente-les-pide-ejercer-autoritarismos<\/a><\/p>\n","protected":false},"excerpt":{"rendered":"<p>Quito -El presidente Len\u00edn Moreno pidi\u00f3 a los nuevos gobernadores ejercer sus funciones sin autoritarismos y sin excesos, con lealtad y compromiso. La pol\u00edtica, lastimosamente, no tiene la mejor imagen dentro de la ciudadan\u00eda, pues vamos a recuperarla. \u00bfC\u00f3mo la estamos recuperando? Abriendo espacios, respetando la libertad de opini\u00f3n, sabiendo que en la diversidad est\u00e1 el mayor activo que tiene este pa\u00eds\u009d, dijo Moreno como parte del discurso de posesi\u00f3n de los funcionarios en el Palacio de Carondelet. Moreno aprovech\u00f3 para informar sobre las principales iniciativas del r\u00e9gimen. Habl\u00f3 de la conformaci\u00f3n del Frente contra la Corrupci\u00f3n, del Plan Toda una Vida, del Consejo Consultivo, Productivo Tributario, del cual mencion\u00f3 que habr\u00e1 muchas diferencias de opiniones\u009d pero, a la final, el Gobierno tomar\u00e1 la \u00faltima decisi\u00f3n. Entre los nuevos gobernadores est\u00e1 la primera mujer ind\u00edgena en ocupar ese cargo, Paolina Vercoutere, en Imbabura. Al final del encuentro, el mandatario obsequi\u00f3 a los gobernadores un retrato de Manuela Espejo. Y entonces aclar\u00f3 que no se est\u00e1 reemplazando la imagen del expresidente Rafael Correa en los despachos p\u00fablicos sino su imagen (la de Moreno) por la de personajes hist\u00f3ricos. Mientras esto ocurr\u00eda en Palacio, en la Plaza Grande, los familiares de cinco uniformados con sentencias de hasta doce a\u00f1os por magnicidio por los hechos en torno a la revuelta policial del 30 de septiembre de 2010 gritaban y ped\u00edan su indulto. En el acto, tambi\u00e9n estuvieron presentes la secretaria de gesti\u00f3n de la Pol\u00edtica, Paola Pab\u00f3n: el ministro del Interior, C\u00e9sar Navas, y el titular de la Secretar\u00eda Nacional de Planificaci\u00f3n y Desarrollo (Senplades), Andr\u00e9s Mideros. (I) &nbsp; Fuente: http:\/\/www.eluniverso.com\/noticias\/2017\/06\/28\/nota\/6252577\/presidente-les-pide-ejercer-autoritarismos<\/p>\n","protected":false},"author":1,"featured_media":0,"comment_status":"open","ping_status":"open","sticky":false,"template":"","format":"standard","meta":[],"categories":[54,32,40,35,46],"tags":[],"_links":{"self":[{"href":"https:\/\/www.ecuadortimes.net\/es\/wp-json\/wp\/v2\/posts\/244208"}],"collection":[{"href":"https:\/\/www.ecuadortimes.net\/es\/wp-json\/wp\/v2\/posts"}],"about":[{"href":"https:\/\/www.ecuadortimes.net\/es\/wp-json\/wp\/v2\/types\/post"}],"author":[{"embeddable":true,"href":"https:\/\/www.ecuadortimes.net\/es\/wp-json\/wp\/v2\/users\/1"}],"replies":[{"embeddable":true,"href":"https:\/\/www.ecuadortimes.net\/es\/wp-json\/wp\/v2\/comments?post=244208"}],"version-history":[{"count":0,"href":"https:\/\/www.ecuadortimes.net\/es\/wp-json\/wp\/v2\/posts\/244208\/revisions"}],"wp:attachment":[{"href":"https:\/\/www.ecuadortimes.net\/es\/wp-json\/wp\/v2\/media?parent=244208"}],"wp:term":[{"taxonomy":"category","embeddable":true,"href":"https:\/\/www.ecuadortimes.net\/es\/wp-json\/wp\/v2\/categories?post=244208"},{"taxonomy":"post_tag","embeddable":true,"href":"https:\/\/www.ecuadortimes.net\/es\/wp-json\/wp\/v2\/tags?post=244208"}],"curies":[{"name":"wp","href":"https:\/\/api.w.org\/{rel}","templated":true}]}}