{"id":244209,"date":"2017-06-28T00:00:00","date_gmt":"2017-06-28T00:00:00","guid":{"rendered":"https:\/\/www.ecuadortimes.net\/es\/viteri-moncayo-y-bucaram-acogen-la-invitacion-del-presidente\/"},"modified":"2017-06-28T00:00:00","modified_gmt":"2017-06-28T00:00:00","slug":"viteri-moncayo-y-bucaram-acogen-la-invitacion-del-presidente","status":"publish","type":"post","link":"https:\/\/www.ecuadortimes.net\/es\/viteri-moncayo-y-bucaram-acogen-la-invitacion-del-presidente\/","title":{"rendered":"Viteri, Moncayo y Bucaram acogen la invitaci\u00f3n del Presidente"},"content":{"rendered":"<p>&nbsp;<\/p>\n<p><img loading=\"lazy\" class=\" wp-image-187370 aligncenter\" src=\"https:\/\/www.ecuadortimes.net\/es\/wp-content\/uploads\/2017\/06\/ECUADORTIMES_ECUADORNEWS_VITERI_MONCAYO_BUCARAM_ACEPTAN_INVITACION_DEL_PRESIDENTE.jpg\" alt=\"\" width=\"982\" height=\"460\" \/><\/p>\n<p>&nbsp;<\/p>\n<p><strong>La invitaci\u00f3n al di\u00e1logo del presidente de la Rep\u00fablica, Len\u00edn Moreno, a pol\u00edticos de oposici\u00f3n tuvo respuesta<\/strong>. Los excandidatos a la presidencia Cynthia Viteri, Paco Moncayo y Abdal\u00e1 Bucaram Pulley aceptaron la propuesta; los dos primeros para aportar con sus criterios en la lucha antidrogas, el \u00faltimo anunci\u00f3 una reuni\u00f3n para ma\u00f1ana mi\u00e9rcoles. En el programa El Gobierno Informa, el Mandatario convoc\u00f3\u00a0 a los excandidatos <strong>Cynthia Viteri y Paco Moncayo, para que se unan, junto con la Secretar\u00eda T\u00e9cnica de Drogas (Seted)<\/strong> en el combate contra este problema y para revisar la tabla de sustancias estupefacientes. Invitamos muy afectuosamente a la doctora Cynthia Viteri y al general Paco Moncayo y a todos quienes deseen incluir sus aportes para resolver este grave problema social\u009d, expres\u00f3 el Jefe de Estado.<\/p>\n<p><strong>El llamado a Viteri y Moncayo lo efectu\u00f3 por cuanto en campa\u00f1a ambos trataron el tema<\/strong>. Viteri en su cuenta en Twitter escribi\u00f3: En respuesta a Len\u00edn Moreno. Las drogas arrancan a ni\u00f1os y j\u00f3venes de brazos de sus madres, lo veo a diario. Si se trata de ayudarlos, aqu\u00ed estoy\u009d. Mientras que Moncayo manifest\u00f3 que para este jueves prev\u00e9 reunirse con la titular de la Seted, Ledy Z\u00fa\u00f1iga. Le he dicho que toda mi experiencia y todo lo que s\u00e9 de estos temas lo debo al Estado y es patrimonio de la naci\u00f3n y si de alguna manera puedo aportar con mis ideas y experiencia estoy dispuesto a aportar\u009d. Aclar\u00f3 que no es un tema ideol\u00f3gico, sino de inter\u00e9s nacional en el que todos deben sumar para tener \u00e9xito.<\/p>\n<p><strong>Incluso record\u00f3 que cuando fue Alcalde de Quito durante m\u00e1s de ocho a\u00f1os aplic\u00f3 un plan integral de seguridad ciudadana que dio resultados<\/strong>; esa experiencia fue tomada en parte por el gobierno anterior, con la implementaci\u00f3n del 911, as\u00ed que las cosas buenas se tienen que replicar\u009d. No obstante recalc\u00f3 que hasta el momento no ha hablado sobre una eventual reuni\u00f3n con el Mandatario, pero si se diera el caso no tendr\u00eda ninguna objeci\u00f3n en hacerlo. La convocatoria se efectu\u00f3 en el marco del D\u00eda Internacional de la Lucha contra el Uso Indebido y el Tr\u00e1fico Il\u00edcito de Drogas, que comprende, adem\u00e1s, ejes como el de la prevenci\u00f3n y rehabilitaci\u00f3n, en el que participar\u00e1n los gobiernos seccionales, con la aprobaci\u00f3n de ordenanzas para la recuperaci\u00f3n del espacio p\u00fablico a favor de actividades de esparcimiento. No permitiremos que las drogas cercenen el futuro de nuestros ni\u00f1os. He solicitado a la Secretar\u00eda T\u00e9cnica de Drogas que revise las tablas y que para ello conforme un equipo t\u00e9cnico de trabajo que convoque a los candidatos presidenciales que hicieron propuestas sobre este tema\u009d, expres\u00f3 Moreno. En su cuenta en Twitter, el Jefe de Estado coincidi\u00f3 con la campa\u00f1a para el combate contra las drogas que realiza la ONU con el lema Escucha Primero\u009d. Se trata de dialogar con ni\u00f1os y j\u00f3venes como el primer paso para ayudarles a crecer sanos y seguros\u0099\u009d.<\/p>\n<p>Bucaram acudir\u00e1 a cita Mientras tanto, el excandidato por Fuerza Ecuador (FE), Abdal\u00e1 Bucaram Pulley, acept\u00f3 la invitaci\u00f3n de la Presidencia, para asistir hoy a una reuni\u00f3n con el presidente Len\u00edn Moreno, en el marco del Di\u00e1logo, impulsado por el Gobierno. He sido invitado por el presidente Len\u00edn Moreno a un di\u00e1logo que busca soluciones y mejoras para nuestro pueblo. Asistir\u00e9 con actitud democr\u00e1tica\u009d, escribi\u00f3 el pol\u00edtico en su cuenta de Twitter. La convocatoria gener\u00f3 la respuesta de la secretaria Ejecutiva de Alianza PAIS, Gabriela Rivadeneira, quien advirti\u00f3 que las agendas de Viteri y Bucaram Pulley son antag\u00f3nicas a la nuestra\u009d. Dialogar como principio de construcci\u00f3n social est\u00e1 bien. Lo que no podemos hacer es dar palestra a la derecha socialcristiana o al bucaramato (verg\u00fcenza de la historia) cuyas agendas son antag\u00f3nicas a la nuestra, \u00a1la victoriosa! la que el pueblo vot\u00f3 el 2 de abril\u009d, escribi\u00f3 Rivadeneira. (I)<\/p>\n<p>&nbsp;<\/p>\n<p><strong>Fuente: <\/strong><a href=\"http:\/\/www.eltelegrafo.com.ec\/noticias\/politiko-2017\/49\/cynthia-viteri-responde-a-llamado-de-presidente-moreno-para-combatir-el-consumo-de-drogas\" target=\"_blank\" rel=\"noopener noreferrer\">http:\/\/www.eltelegrafo.com.ec\/noticias\/politiko-2017\/49\/cynthia-viteri-responde-a-llamado-de-presidente-moreno-para-combatir-el-consumo-de-drogas<\/a><strong><br \/>\n<\/strong><\/p>\n","protected":false},"excerpt":{"rendered":"<p>&nbsp; &nbsp; La invitaci\u00f3n al di\u00e1logo del presidente de la Rep\u00fablica, Len\u00edn Moreno, a pol\u00edticos de oposici\u00f3n tuvo respuesta. Los excandidatos a la presidencia Cynthia Viteri, Paco Moncayo y Abdal\u00e1 Bucaram Pulley aceptaron la propuesta; los dos primeros para aportar con sus criterios en la lucha antidrogas, el \u00faltimo anunci\u00f3 una reuni\u00f3n para ma\u00f1ana mi\u00e9rcoles. En el programa El Gobierno Informa, el Mandatario convoc\u00f3\u00a0 a los excandidatos Cynthia Viteri y Paco Moncayo, para que se unan, junto con la Secretar\u00eda T\u00e9cnica de Drogas (Seted) en el combate contra este problema y para revisar la tabla de sustancias estupefacientes. Invitamos muy afectuosamente a la doctora Cynthia Viteri y al general Paco Moncayo y a todos quienes deseen incluir sus aportes para resolver este grave problema social\u009d, expres\u00f3 el Jefe de Estado. El llamado a Viteri y Moncayo lo efectu\u00f3 por cuanto en campa\u00f1a ambos trataron el tema. Viteri en su cuenta en Twitter escribi\u00f3: En respuesta a Len\u00edn Moreno. Las drogas arrancan a ni\u00f1os y j\u00f3venes de brazos de sus madres, lo veo a diario. Si se trata de ayudarlos, aqu\u00ed estoy\u009d. Mientras que Moncayo manifest\u00f3 que para este jueves prev\u00e9 reunirse con la titular de la Seted, Ledy Z\u00fa\u00f1iga. Le he dicho que toda mi experiencia y todo lo que s\u00e9 de estos temas lo debo al Estado y es patrimonio de la naci\u00f3n y si de alguna manera puedo aportar con mis ideas y experiencia estoy dispuesto a aportar\u009d. Aclar\u00f3 que no es un tema ideol\u00f3gico, sino de inter\u00e9s nacional en el que todos deben sumar para tener \u00e9xito. Incluso record\u00f3 que cuando fue Alcalde de Quito durante m\u00e1s de ocho a\u00f1os aplic\u00f3 un plan integral de seguridad ciudadana que dio resultados; esa experiencia fue tomada en parte por el gobierno anterior, con la implementaci\u00f3n del 911, as\u00ed que las cosas buenas se tienen que replicar\u009d. No obstante recalc\u00f3 que hasta el momento no ha hablado sobre una eventual reuni\u00f3n con el Mandatario, pero si se diera el caso no tendr\u00eda ninguna objeci\u00f3n en hacerlo. La convocatoria se efectu\u00f3 en el marco del D\u00eda Internacional de la Lucha contra el Uso Indebido y el Tr\u00e1fico Il\u00edcito de Drogas, que comprende, adem\u00e1s, ejes como el de la prevenci\u00f3n y rehabilitaci\u00f3n, en el que participar\u00e1n los gobiernos seccionales, con la aprobaci\u00f3n de ordenanzas para la recuperaci\u00f3n del espacio p\u00fablico a favor de actividades de esparcimiento. No permitiremos que las drogas cercenen el futuro de nuestros ni\u00f1os. He solicitado a la Secretar\u00eda T\u00e9cnica de Drogas que revise las tablas y que para ello conforme un equipo t\u00e9cnico de trabajo que convoque a los candidatos presidenciales que hicieron propuestas sobre este tema\u009d, expres\u00f3 Moreno. En su cuenta en Twitter, el Jefe de Estado coincidi\u00f3 con la campa\u00f1a para el combate contra las drogas que realiza la ONU con el lema Escucha Primero\u009d. Se trata de dialogar con ni\u00f1os y j\u00f3venes como el primer paso para ayudarles a crecer sanos y seguros\u0099\u009d. Bucaram acudir\u00e1 a cita Mientras tanto, el excandidato por Fuerza Ecuador (FE), Abdal\u00e1 Bucaram Pulley, acept\u00f3 la invitaci\u00f3n de la Presidencia, para asistir hoy a una reuni\u00f3n con el presidente Len\u00edn Moreno, en el marco del Di\u00e1logo, impulsado por el Gobierno. He sido invitado por el presidente Len\u00edn Moreno a un di\u00e1logo que busca soluciones y mejoras para nuestro pueblo. Asistir\u00e9 con actitud democr\u00e1tica\u009d, escribi\u00f3 el pol\u00edtico en su cuenta de Twitter. La convocatoria gener\u00f3 la respuesta de la secretaria Ejecutiva de Alianza PAIS, Gabriela Rivadeneira, quien advirti\u00f3 que las agendas de Viteri y Bucaram Pulley son antag\u00f3nicas a la nuestra\u009d. Dialogar como principio de construcci\u00f3n social est\u00e1 bien. Lo que no podemos hacer es dar palestra a la derecha socialcristiana o al bucaramato (verg\u00fcenza de la historia) cuyas agendas son antag\u00f3nicas a la nuestra, \u00a1la victoriosa! la que el pueblo vot\u00f3 el 2 de abril\u009d, escribi\u00f3 Rivadeneira. (I) &nbsp; Fuente: http:\/\/www.eltelegrafo.com.ec\/noticias\/politiko-2017\/49\/cynthia-viteri-responde-a-llamado-de-presidente-moreno-para-combatir-el-consumo-de-drogas<\/p>\n","protected":false},"author":1,"featured_media":244210,"comment_status":"open","ping_status":"open","sticky":false,"template":"","format":"standard","meta":[],"categories":[54,32,51,40,35,48,46],"tags":[],"_links":{"self":[{"href":"https:\/\/www.ecuadortimes.net\/es\/wp-json\/wp\/v2\/posts\/244209"}],"collection":[{"href":"https:\/\/www.ecuadortimes.net\/es\/wp-json\/wp\/v2\/posts"}],"about":[{"href":"https:\/\/www.ecuadortimes.net\/es\/wp-json\/wp\/v2\/types\/post"}],"author":[{"embeddable":true,"href":"https:\/\/www.ecuadortimes.net\/es\/wp-json\/wp\/v2\/users\/1"}],"replies":[{"embeddable":true,"href":"https:\/\/www.ecuadortimes.net\/es\/wp-json\/wp\/v2\/comments?post=244209"}],"version-history":[{"count":0,"href":"https:\/\/www.ecuadortimes.net\/es\/wp-json\/wp\/v2\/posts\/244209\/revisions"}],"wp:featuredmedia":[{"embeddable":true,"href":"https:\/\/www.ecuadortimes.net\/es\/wp-json\/wp\/v2\/media\/244210"}],"wp:attachment":[{"href":"https:\/\/www.ecuadortimes.net\/es\/wp-json\/wp\/v2\/media?parent=244209"}],"wp:term":[{"taxonomy":"category","embeddable":true,"href":"https:\/\/www.ecuadortimes.net\/es\/wp-json\/wp\/v2\/categories?post=244209"},{"taxonomy":"post_tag","embeddable":true,"href":"https:\/\/www.ecuadortimes.net\/es\/wp-json\/wp\/v2\/tags?post=244209"}],"curies":[{"name":"wp","href":"https:\/\/api.w.org\/{rel}","templated":true}]}}