{"id":244211,"date":"2017-06-28T00:00:00","date_gmt":"2017-06-28T00:00:00","guid":{"rendered":"https:\/\/www.ecuadortimes.net\/es\/gabriela-rivadeneira-cuestiona-dialogo-propuesto-por-moreno\/"},"modified":"2017-06-28T00:00:00","modified_gmt":"2017-06-28T00:00:00","slug":"gabriela-rivadeneira-cuestiona-dialogo-propuesto-por-moreno","status":"publish","type":"post","link":"https:\/\/www.ecuadortimes.net\/es\/gabriela-rivadeneira-cuestiona-dialogo-propuesto-por-moreno\/","title":{"rendered":"Gabriela Rivadeneira cuestiona di\u00e1logo propuesto por Moreno"},"content":{"rendered":"<p>&nbsp;<\/p>\n<p><img loading=\"lazy\" class=\"size-full wp-image-187361 aligncenter\" src=\"https:\/\/www.ecuadortimes.net\/es\/wp-content\/uploads\/2017\/06\/ECUADORTIMES_ECUADORNEWS_GABRIELA_RIVADENEIRA_CUESTIONA_MORENO.jpg\" alt=\"\" width=\"620\" height=\"264\" \/><\/p>\n<p>&nbsp;<\/p>\n<p>La secretaria ejecutiva del movimiento oficialista Alianza Pa\u00eds (AP), y expresidenta de la Asamblea Nacional,\u00a0<strong>Gabriela Rivadeneira<\/strong>, ha discrepado esta ma\u00f1ana, en Twitter, con el llamado al di\u00e1lago de Len\u00edn Moreno a los excandidatos presidenciales\u00a0<strong>Cynthia Viteri<\/strong>\u00a0y\u00a0<strong>Dalo Bucaram<\/strong>, para unirse en\u00a0un Gran Acuerdo Nacional por la Prevenci\u00f3n del Consumo de Drogas\u009d.<\/p>\n<p>Dialogar como principio de construcci\u00f3n social, est\u00e1 bien.\u00a0<strong>Lo que no podemos hacer es dar palestra a la derecha socialcristiana<\/strong>\u009d.\u00a0<strong>O al bucaramato (verg\u00fcenza de la historia) cuyas agendas son antag\u00f3nicas a la nuestra, \u00a1la victoriosa! la que el pueblo vot\u00f3 el 2 de abril<\/strong>\u00a0\u009d, ha tuiteado\u00a0la secretaria ejecutiva de AP.<\/p>\n<p>Es la primera vez que desde el partido de Gobierno se critica abiertamente una iniciativa del Presidente de la Rep\u00fablica. Adem\u00e1s de Presidente de la Rep\u00fablica, Len\u00edn Moreno es Presidente Nacional de Alianza\u00a0PAIS. (I)<\/p>\n<p>&nbsp;<\/p>\n<p><strong>Fuente:<\/strong> <a href=\"http:\/\/www.larepublica.ec\/blog\/politica\/2017\/06\/27\/gabriela-rivadeneira-cuestiona-dialogo-propuesto-moreno\/\" target=\"_blank\" rel=\"noopener noreferrer\">http:\/\/www.larepublica.ec\/blog\/politica\/2017\/06\/27\/gabriela-rivadeneira-cuestiona-dialogo-propuesto-moreno\/<\/a><\/p>\n","protected":false},"excerpt":{"rendered":"<p>&nbsp; &nbsp; La secretaria ejecutiva del movimiento oficialista Alianza Pa\u00eds (AP), y expresidenta de la Asamblea Nacional,\u00a0Gabriela Rivadeneira, ha discrepado esta ma\u00f1ana, en Twitter, con el llamado al di\u00e1lago de Len\u00edn Moreno a los excandidatos presidenciales\u00a0Cynthia Viteri\u00a0y\u00a0Dalo Bucaram, para unirse en\u00a0un Gran Acuerdo Nacional por la Prevenci\u00f3n del Consumo de Drogas\u009d. Dialogar como principio de construcci\u00f3n social, est\u00e1 bien.\u00a0Lo que no podemos hacer es dar palestra a la derecha socialcristiana\u009d.\u00a0O al bucaramato (verg\u00fcenza de la historia) cuyas agendas son antag\u00f3nicas a la nuestra, \u00a1la victoriosa! la que el pueblo vot\u00f3 el 2 de abril\u00a0\u009d, ha tuiteado\u00a0la secretaria ejecutiva de AP. Es la primera vez que desde el partido de Gobierno se critica abiertamente una iniciativa del Presidente de la Rep\u00fablica. Adem\u00e1s de Presidente de la Rep\u00fablica, Len\u00edn Moreno es Presidente Nacional de Alianza\u00a0PAIS. (I) &nbsp; Fuente: http:\/\/www.larepublica.ec\/blog\/politica\/2017\/06\/27\/gabriela-rivadeneira-cuestiona-dialogo-propuesto-moreno\/<\/p>\n","protected":false},"author":1,"featured_media":244212,"comment_status":"open","ping_status":"open","sticky":false,"template":"","format":"standard","meta":[],"categories":[54,32,40,35,48,46],"tags":[],"_links":{"self":[{"href":"https:\/\/www.ecuadortimes.net\/es\/wp-json\/wp\/v2\/posts\/244211"}],"collection":[{"href":"https:\/\/www.ecuadortimes.net\/es\/wp-json\/wp\/v2\/posts"}],"about":[{"href":"https:\/\/www.ecuadortimes.net\/es\/wp-json\/wp\/v2\/types\/post"}],"author":[{"embeddable":true,"href":"https:\/\/www.ecuadortimes.net\/es\/wp-json\/wp\/v2\/users\/1"}],"replies":[{"embeddable":true,"href":"https:\/\/www.ecuadortimes.net\/es\/wp-json\/wp\/v2\/comments?post=244211"}],"version-history":[{"count":0,"href":"https:\/\/www.ecuadortimes.net\/es\/wp-json\/wp\/v2\/posts\/244211\/revisions"}],"wp:featuredmedia":[{"embeddable":true,"href":"https:\/\/www.ecuadortimes.net\/es\/wp-json\/wp\/v2\/media\/244212"}],"wp:attachment":[{"href":"https:\/\/www.ecuadortimes.net\/es\/wp-json\/wp\/v2\/media?parent=244211"}],"wp:term":[{"taxonomy":"category","embeddable":true,"href":"https:\/\/www.ecuadortimes.net\/es\/wp-json\/wp\/v2\/categories?post=244211"},{"taxonomy":"post_tag","embeddable":true,"href":"https:\/\/www.ecuadortimes.net\/es\/wp-json\/wp\/v2\/tags?post=244211"}],"curies":[{"name":"wp","href":"https:\/\/api.w.org\/{rel}","templated":true}]}}