{"id":244215,"date":"2017-06-28T00:00:00","date_gmt":"2017-06-28T00:00:00","guid":{"rendered":"https:\/\/www.ecuadortimes.net\/es\/innovar-es-la-ruta-para-textiles-y-moda\/"},"modified":"2017-06-28T00:00:00","modified_gmt":"2017-06-28T00:00:00","slug":"innovar-es-la-ruta-para-textiles-y-moda","status":"publish","type":"post","link":"https:\/\/www.ecuadortimes.net\/es\/innovar-es-la-ruta-para-textiles-y-moda\/","title":{"rendered":"Innovar es la ruta para textiles y moda"},"content":{"rendered":"<p>&nbsp;<\/p>\n<p><img loading=\"lazy\" class=\"size-full wp-image-187363 aligncenter\" src=\"https:\/\/www.ecuadortimes.net\/es\/wp-content\/uploads\/2017\/06\/ECUADORTIMES_ECUADORNEWS_INNOVAR_RUTA_TEXTILES_Y_MODA.jpg\" alt=\"\" width=\"800\" height=\"450\" \/><\/p>\n<p>&nbsp;<\/p>\n<p>La posibilidad de desarrollar marcas, entre ellas una sectorial a nivel pa\u00eds, en productos textiles y de moda con miras a <strong>la exportaci\u00f3n con valor agregado fue una de las sugerencias planteadas ayer por Designer Book (DB), plataforma que impulsa desde hace siete a\u00f1os a la industria textil y de la moda.<\/strong><\/p>\n<p>Las sugerencias son el resultado de un taller sobre la industria textil y de la moda en el Ecuador, que se desarroll\u00f3 en el evento Designer Book 2016, en Quito.<\/p>\n<p><strong>Carlos Stowhas<\/strong>, director general de la plataforma, reconoci\u00f3 que la falta de valor agregado en los productos textiles locales es una limitante que afecta a la competitividad.<\/p>\n<p>Natalie Vallarino, coordinadora t\u00e9cnica de Pro Ecuador, se\u00f1al\u00f3 que las exportaciones en textiles de Ecuador en 2016 fueron de $ 112 millones; lo que no superan el 1% de las exportaciones no petroleras.<\/p>\n<p>Ante esto, Stowhas se\u00f1al\u00f3 la necesidad de innovar para desarrollar el mercado nacional a trav\u00e9s de la uni\u00f3n de artesanos, dise\u00f1adores, industria privada y Gobierno, para generar estrategias conjuntas.<\/p>\n<p>Una de ellas es un concurso de innovaci\u00f3n a cargo de Innobis que buscar\u00e1 soluciones a la problem\u00e1tica de insumos para ropa, calzado, joyas, dise\u00f1o y nuevas tecnolog\u00edas. Sa\u00fal Garc\u00eda, gerente general de Innobis, se\u00f1al\u00f3 que en los pr\u00f3ximos d\u00edas presentar\u00e1n las bases.<\/p>\n<p>Otra, a cargo de Pro Ecuador, es la plataforma de tendencias de innovaci\u00f3n que incluir\u00e1 conferencias f\u00edsicas y virtuales en la que participar\u00e1n varios pa\u00edses con la finalidad de compartir avances a nivel mundial. (I)<\/p>\n<p>&nbsp;<\/p>\n<p><strong>Fuente:<\/strong> <a href=\"http:\/\/www.eluniverso.com\/noticias\/2017\/06\/28\/nota\/6252208\/innovar-es-ruta-textiles-moda\" target=\"_blank\" rel=\"noopener noreferrer\">http:\/\/www.eluniverso.com\/noticias\/2017\/06\/28\/nota\/6252208\/innovar-es-ruta-textiles-moda<\/a><\/p>\n","protected":false},"excerpt":{"rendered":"<p>&nbsp; &nbsp; La posibilidad de desarrollar marcas, entre ellas una sectorial a nivel pa\u00eds, en productos textiles y de moda con miras a la exportaci\u00f3n con valor agregado fue una de las sugerencias planteadas ayer por Designer Book (DB), plataforma que impulsa desde hace siete a\u00f1os a la industria textil y de la moda. Las sugerencias son el resultado de un taller sobre la industria textil y de la moda en el Ecuador, que se desarroll\u00f3 en el evento Designer Book 2016, en Quito. Carlos Stowhas, director general de la plataforma, reconoci\u00f3 que la falta de valor agregado en los productos textiles locales es una limitante que afecta a la competitividad. Natalie Vallarino, coordinadora t\u00e9cnica de Pro Ecuador, se\u00f1al\u00f3 que las exportaciones en textiles de Ecuador en 2016 fueron de $ 112 millones; lo que no superan el 1% de las exportaciones no petroleras. Ante esto, Stowhas se\u00f1al\u00f3 la necesidad de innovar para desarrollar el mercado nacional a trav\u00e9s de la uni\u00f3n de artesanos, dise\u00f1adores, industria privada y Gobierno, para generar estrategias conjuntas. Una de ellas es un concurso de innovaci\u00f3n a cargo de Innobis que buscar\u00e1 soluciones a la problem\u00e1tica de insumos para ropa, calzado, joyas, dise\u00f1o y nuevas tecnolog\u00edas. Sa\u00fal Garc\u00eda, gerente general de Innobis, se\u00f1al\u00f3 que en los pr\u00f3ximos d\u00edas presentar\u00e1n las bases. Otra, a cargo de Pro Ecuador, es la plataforma de tendencias de innovaci\u00f3n que incluir\u00e1 conferencias f\u00edsicas y virtuales en la que participar\u00e1n varios pa\u00edses con la finalidad de compartir avances a nivel mundial. (I) &nbsp; Fuente: http:\/\/www.eluniverso.com\/noticias\/2017\/06\/28\/nota\/6252208\/innovar-es-ruta-textiles-moda<\/p>\n","protected":false},"author":1,"featured_media":244216,"comment_status":"open","ping_status":"open","sticky":false,"template":"","format":"standard","meta":[],"categories":[54,32,43,35],"tags":[],"_links":{"self":[{"href":"https:\/\/www.ecuadortimes.net\/es\/wp-json\/wp\/v2\/posts\/244215"}],"collection":[{"href":"https:\/\/www.ecuadortimes.net\/es\/wp-json\/wp\/v2\/posts"}],"about":[{"href":"https:\/\/www.ecuadortimes.net\/es\/wp-json\/wp\/v2\/types\/post"}],"author":[{"embeddable":true,"href":"https:\/\/www.ecuadortimes.net\/es\/wp-json\/wp\/v2\/users\/1"}],"replies":[{"embeddable":true,"href":"https:\/\/www.ecuadortimes.net\/es\/wp-json\/wp\/v2\/comments?post=244215"}],"version-history":[{"count":0,"href":"https:\/\/www.ecuadortimes.net\/es\/wp-json\/wp\/v2\/posts\/244215\/revisions"}],"wp:featuredmedia":[{"embeddable":true,"href":"https:\/\/www.ecuadortimes.net\/es\/wp-json\/wp\/v2\/media\/244216"}],"wp:attachment":[{"href":"https:\/\/www.ecuadortimes.net\/es\/wp-json\/wp\/v2\/media?parent=244215"}],"wp:term":[{"taxonomy":"category","embeddable":true,"href":"https:\/\/www.ecuadortimes.net\/es\/wp-json\/wp\/v2\/categories?post=244215"},{"taxonomy":"post_tag","embeddable":true,"href":"https:\/\/www.ecuadortimes.net\/es\/wp-json\/wp\/v2\/tags?post=244215"}],"curies":[{"name":"wp","href":"https:\/\/api.w.org\/{rel}","templated":true}]}}