{"id":244217,"date":"2017-06-28T00:00:00","date_gmt":"2017-06-28T00:00:00","guid":{"rendered":"https:\/\/www.ecuadortimes.net\/es\/ledesma-y-gremios-rechazan-la-flexeguridad-laboral\/"},"modified":"2017-06-28T00:00:00","modified_gmt":"2017-06-28T00:00:00","slug":"ledesma-y-gremios-rechazan-la-flexeguridad-laboral","status":"publish","type":"post","link":"https:\/\/www.ecuadortimes.net\/es\/ledesma-y-gremios-rechazan-la-flexeguridad-laboral\/","title":{"rendered":"Ledesma y gremios rechazan la flexeguridad laboral"},"content":{"rendered":"<p>&nbsp;<\/p>\n<p><img loading=\"lazy\" class=\" wp-image-187364 aligncenter\" src=\"https:\/\/www.ecuadortimes.net\/es\/wp-content\/uploads\/2017\/06\/ECUADORTIMES_ECUADORNEWS_LEDESMA_Y_GREMIOS_RECHAZAN_FLEXEGURIDAD_LABORAL.jpg\" alt=\"\" width=\"985\" height=\"475\" \/><\/p>\n<p>&nbsp;<\/p>\n<p><strong>El ministro de Trabajo, Ra\u00fal Ledesma<\/strong>, recibi\u00f3 ayer a miembros del <strong>Parlamento Laboral Ecuatoriano<\/strong> para recoger las inquietudes sobre el panorama del empleo en el pa\u00eds. Seg\u00fan el gremio, de acuerdo al ritmo de crecimiento de la poblaci\u00f3n econ\u00f3micamente activa <strong>(PEA)<\/strong>, se necesitan crear al menos 190.000 empleos al a\u00f1o y expres\u00f3 su compromiso para alcanzar este objetivo.<\/p>\n<p>Jaime Arciniegas, uno de los miembros del Parlamento, agreg\u00f3 que menos del 1% de la PEA est\u00e1 organizada\u009d, por lo que tambi\u00e9n solicit\u00f3 que se fortalezca el derecho a la sindicalizaci\u00f3n. Por su parte, Rosa Argudo, presidenta de la Confederaci\u00f3n Ecuatoriana de Trabajadores y Organizaciones de la Seguridad Social, solicit\u00f3 al ministro que se revisen los techos de negociaci\u00f3n del contrato colectivo y que se establezcan l\u00edmites que vayan de acuerdo al costo de la canasta b\u00e1sica.<\/p>\n<p>Ledesma indic\u00f3 que todos esos temas ser\u00e1n atendidos en di\u00e1logos tripartitos que mantendr\u00e1 con varias agrupaciones de trabajadores. Agreg\u00f3 que actualmente estudia la conformaci\u00f3n del Consejo Nacional del Trabajo y que la dar\u00e1 a conocer en las pr\u00f3ximas semanas. Tanto el ministro Ledesma como los asistentes a esta mesa de trabajo manifestaron su rechazo a la denominada \u0098flexeguridad\u0099, propuesta planteada hace unas semanas por representantes de la C\u00e1mara de Comercio de Guayaquil. No se dar\u00e1 marcha atr\u00e1s a ning\u00fan derecho. Vamos a exigir empleos de calidad, sin discriminaci\u00f3n\u009d, afirm\u00f3 Ledesma. Sobre el mismo tema, Arciniegas argument\u00f3 que dicho planteamiento no tiene sustento constitucional.<\/p>\n<p>Sin embargo, dijo que s\u00ed est\u00e1n abiertos a dialogar y estudiar otras modalidades de contrato, como el eventual o de temporada. El ministro enfatiz\u00f3 que su prioridad ser\u00e1 atender a los desempleados y a los trabajadores informales. Agreg\u00f3 que buscan estrategias para facilitar las modalidades de contratos de los peque\u00f1os emprendedores. (I)<\/p>\n<p>&nbsp;<\/p>\n<p><strong>Fuente:<\/strong> <a href=\"http:\/\/www.eltelegrafo.com.ec\/noticias\/economia\/8\/ledesma-y-gremios-rechazan-la-flexeguridad-laboral\" target=\"_blank\" rel=\"noopener noreferrer\">http:\/\/www.eltelegrafo.com.ec\/noticias\/economia\/8\/ledesma-y-gremios-rechazan-la-flexeguridad-laboral<\/a><\/p>\n","protected":false},"excerpt":{"rendered":"<p>&nbsp; &nbsp; El ministro de Trabajo, Ra\u00fal Ledesma, recibi\u00f3 ayer a miembros del Parlamento Laboral Ecuatoriano para recoger las inquietudes sobre el panorama del empleo en el pa\u00eds. Seg\u00fan el gremio, de acuerdo al ritmo de crecimiento de la poblaci\u00f3n econ\u00f3micamente activa (PEA), se necesitan crear al menos 190.000 empleos al a\u00f1o y expres\u00f3 su compromiso para alcanzar este objetivo. Jaime Arciniegas, uno de los miembros del Parlamento, agreg\u00f3 que menos del 1% de la PEA est\u00e1 organizada\u009d, por lo que tambi\u00e9n solicit\u00f3 que se fortalezca el derecho a la sindicalizaci\u00f3n. Por su parte, Rosa Argudo, presidenta de la Confederaci\u00f3n Ecuatoriana de Trabajadores y Organizaciones de la Seguridad Social, solicit\u00f3 al ministro que se revisen los techos de negociaci\u00f3n del contrato colectivo y que se establezcan l\u00edmites que vayan de acuerdo al costo de la canasta b\u00e1sica. Ledesma indic\u00f3 que todos esos temas ser\u00e1n atendidos en di\u00e1logos tripartitos que mantendr\u00e1 con varias agrupaciones de trabajadores. Agreg\u00f3 que actualmente estudia la conformaci\u00f3n del Consejo Nacional del Trabajo y que la dar\u00e1 a conocer en las pr\u00f3ximas semanas. Tanto el ministro Ledesma como los asistentes a esta mesa de trabajo manifestaron su rechazo a la denominada \u0098flexeguridad\u0099, propuesta planteada hace unas semanas por representantes de la C\u00e1mara de Comercio de Guayaquil. No se dar\u00e1 marcha atr\u00e1s a ning\u00fan derecho. Vamos a exigir empleos de calidad, sin discriminaci\u00f3n\u009d, afirm\u00f3 Ledesma. Sobre el mismo tema, Arciniegas argument\u00f3 que dicho planteamiento no tiene sustento constitucional. Sin embargo, dijo que s\u00ed est\u00e1n abiertos a dialogar y estudiar otras modalidades de contrato, como el eventual o de temporada. El ministro enfatiz\u00f3 que su prioridad ser\u00e1 atender a los desempleados y a los trabajadores informales. Agreg\u00f3 que buscan estrategias para facilitar las modalidades de contratos de los peque\u00f1os emprendedores. (I) &nbsp; Fuente: http:\/\/www.eltelegrafo.com.ec\/noticias\/economia\/8\/ledesma-y-gremios-rechazan-la-flexeguridad-laboral<\/p>\n","protected":false},"author":1,"featured_media":244218,"comment_status":"open","ping_status":"open","sticky":false,"template":"","format":"standard","meta":[],"categories":[54,32,43,40,35],"tags":[],"_links":{"self":[{"href":"https:\/\/www.ecuadortimes.net\/es\/wp-json\/wp\/v2\/posts\/244217"}],"collection":[{"href":"https:\/\/www.ecuadortimes.net\/es\/wp-json\/wp\/v2\/posts"}],"about":[{"href":"https:\/\/www.ecuadortimes.net\/es\/wp-json\/wp\/v2\/types\/post"}],"author":[{"embeddable":true,"href":"https:\/\/www.ecuadortimes.net\/es\/wp-json\/wp\/v2\/users\/1"}],"replies":[{"embeddable":true,"href":"https:\/\/www.ecuadortimes.net\/es\/wp-json\/wp\/v2\/comments?post=244217"}],"version-history":[{"count":0,"href":"https:\/\/www.ecuadortimes.net\/es\/wp-json\/wp\/v2\/posts\/244217\/revisions"}],"wp:featuredmedia":[{"embeddable":true,"href":"https:\/\/www.ecuadortimes.net\/es\/wp-json\/wp\/v2\/media\/244218"}],"wp:attachment":[{"href":"https:\/\/www.ecuadortimes.net\/es\/wp-json\/wp\/v2\/media?parent=244217"}],"wp:term":[{"taxonomy":"category","embeddable":true,"href":"https:\/\/www.ecuadortimes.net\/es\/wp-json\/wp\/v2\/categories?post=244217"},{"taxonomy":"post_tag","embeddable":true,"href":"https:\/\/www.ecuadortimes.net\/es\/wp-json\/wp\/v2\/tags?post=244217"}],"curies":[{"name":"wp","href":"https:\/\/api.w.org\/{rel}","templated":true}]}}