{"id":244234,"date":"2017-06-28T00:00:00","date_gmt":"2017-06-28T00:00:00","guid":{"rendered":"https:\/\/www.ecuadortimes.net\/es\/espana-y-ecuador-firman-canje-de-deuda-para-pagar-salud-y-educacion\/"},"modified":"2017-06-28T00:00:00","modified_gmt":"2017-06-28T00:00:00","slug":"espana-y-ecuador-firman-canje-de-deuda-para-pagar-salud-y-educacion","status":"publish","type":"post","link":"https:\/\/www.ecuadortimes.net\/es\/espana-y-ecuador-firman-canje-de-deuda-para-pagar-salud-y-educacion\/","title":{"rendered":"Espa\u00f1a y Ecuador firman canje de deuda para pagar salud y educaci\u00f3n"},"content":{"rendered":"<div><\/div>\n<div><img loading=\"lazy\" class=\"size-full wp-image-187360 aligncenter\" src=\"https:\/\/www.ecuadortimes.net\/es\/wp-content\/uploads\/2017\/06\/ECUADORTIMES_ECUADORNEWS_ESPAN\u00cc\u0083A_Y_ECUADOR_CANJE_DEUDA_PAGAR_SALUD_EDUCACION.jpg\" alt=\"\" width=\"732\" height=\"450\" \/><\/div>\n<div><\/div>\n<div class=\"location-event\"><strong>Quito &#8211;<\/strong>Los gobiernos de Ecuador y Espa\u00f1a acordaron el martes un canje de deuda por seis millones de d\u00f3lares para permitir al pa\u00eds sudamericano financiar proyectos de salud y educaci\u00f3n.<\/div>\n<p><strong>Esta iniciativa implica que Espa\u00f1a declina cobrar el monto al pa\u00eds sudamericano para que Ecuador pueda invertir los fondos en la rehabilitaci\u00f3n de 52 centros de salud de atenci\u00f3n primaria en las provincias de Manab\u00ed y Esmeraldas<\/strong>, que quedaron con graves da\u00f1os luego del\u00a0<a href=\"http:\/\/www.eluniverso.com\/tema\/terremoto-ecuador\">terremoto de 7,8 grados de magnitud ocurrido en abril del 2016<\/a>. El otro proyecto impulsar\u00e1 el equipamiento de laboratorios de dos institutos de educaci\u00f3n t\u00e9cnica, uno en el centro del pa\u00eds y otro al sur.<\/p>\n<p>En la suscripci\u00f3n de los acuerdos estuvieron presentes por parte de Ecuador, el vicecanciller Rolando Su\u00e1rez, y el viceministro de Econom\u00eda y Finanzas, Fernando Soria. Por parte de Espa\u00f1a, la consejera Econ\u00f3mica y Comercial de la embajada, Xiana M\u00e9ndez, entre otros.<\/p>\n<p>En 2005, ambos pa\u00edses firmaron un acuerdo similar para canjear 51 millones de d\u00f3lares de deuda con el fin de que esos fondos financiaran proyectos sociales.<\/p>\n<p>La \u00faltima vez que se produjo un hecho parecido fue en junio de 2014 cuando se transform\u00f3 una deuda de 12,7 millones de d\u00f3lares en aportes a proyectos de investigaci\u00f3n cient\u00edfica en universidades ecuatorianas. (I)<\/p>\n<p>&nbsp;<\/p>\n<p><strong>Fuente:<\/strong> <a href=\"http:\/\/www.eluniverso.com\/noticias\/2017\/06\/27\/nota\/6252202\/espana-ecuador-firman-canje-deuda-pagar-salud-educacion\" target=\"_blank\" rel=\"noopener noreferrer\">http:\/\/www.eluniverso.com\/noticias\/2017\/06\/27\/nota\/6252202\/espana-ecuador-firman-canje-deuda-pagar-salud-educacion<\/a><\/p>\n","protected":false},"excerpt":{"rendered":"<p>Quito &#8211;Los gobiernos de Ecuador y Espa\u00f1a acordaron el martes un canje de deuda por seis millones de d\u00f3lares para permitir al pa\u00eds sudamericano financiar proyectos de salud y educaci\u00f3n. Esta iniciativa implica que Espa\u00f1a declina cobrar el monto al pa\u00eds sudamericano para que Ecuador pueda invertir los fondos en la rehabilitaci\u00f3n de 52 centros de salud de atenci\u00f3n primaria en las provincias de Manab\u00ed y Esmeraldas, que quedaron con graves da\u00f1os luego del\u00a0terremoto de 7,8 grados de magnitud ocurrido en abril del 2016. El otro proyecto impulsar\u00e1 el equipamiento de laboratorios de dos institutos de educaci\u00f3n t\u00e9cnica, uno en el centro del pa\u00eds y otro al sur. En la suscripci\u00f3n de los acuerdos estuvieron presentes por parte de Ecuador, el vicecanciller Rolando Su\u00e1rez, y el viceministro de Econom\u00eda y Finanzas, Fernando Soria. Por parte de Espa\u00f1a, la consejera Econ\u00f3mica y Comercial de la embajada, Xiana M\u00e9ndez, entre otros. En 2005, ambos pa\u00edses firmaron un acuerdo similar para canjear 51 millones de d\u00f3lares de deuda con el fin de que esos fondos financiaran proyectos sociales. La \u00faltima vez que se produjo un hecho parecido fue en junio de 2014 cuando se transform\u00f3 una deuda de 12,7 millones de d\u00f3lares en aportes a proyectos de investigaci\u00f3n cient\u00edfica en universidades ecuatorianas. (I) &nbsp; Fuente: http:\/\/www.eluniverso.com\/noticias\/2017\/06\/27\/nota\/6252202\/espana-ecuador-firman-canje-deuda-pagar-salud-educacion<\/p>\n","protected":false},"author":1,"featured_media":244235,"comment_status":"open","ping_status":"open","sticky":false,"template":"","format":"standard","meta":[],"categories":[54,32,51,41],"tags":[],"_links":{"self":[{"href":"https:\/\/www.ecuadortimes.net\/es\/wp-json\/wp\/v2\/posts\/244234"}],"collection":[{"href":"https:\/\/www.ecuadortimes.net\/es\/wp-json\/wp\/v2\/posts"}],"about":[{"href":"https:\/\/www.ecuadortimes.net\/es\/wp-json\/wp\/v2\/types\/post"}],"author":[{"embeddable":true,"href":"https:\/\/www.ecuadortimes.net\/es\/wp-json\/wp\/v2\/users\/1"}],"replies":[{"embeddable":true,"href":"https:\/\/www.ecuadortimes.net\/es\/wp-json\/wp\/v2\/comments?post=244234"}],"version-history":[{"count":0,"href":"https:\/\/www.ecuadortimes.net\/es\/wp-json\/wp\/v2\/posts\/244234\/revisions"}],"wp:featuredmedia":[{"embeddable":true,"href":"https:\/\/www.ecuadortimes.net\/es\/wp-json\/wp\/v2\/media\/244235"}],"wp:attachment":[{"href":"https:\/\/www.ecuadortimes.net\/es\/wp-json\/wp\/v2\/media?parent=244234"}],"wp:term":[{"taxonomy":"category","embeddable":true,"href":"https:\/\/www.ecuadortimes.net\/es\/wp-json\/wp\/v2\/categories?post=244234"},{"taxonomy":"post_tag","embeddable":true,"href":"https:\/\/www.ecuadortimes.net\/es\/wp-json\/wp\/v2\/tags?post=244234"}],"curies":[{"name":"wp","href":"https:\/\/api.w.org\/{rel}","templated":true}]}}