{"id":244236,"date":"2017-06-29T00:00:00","date_gmt":"2017-06-29T00:00:00","guid":{"rendered":"https:\/\/www.ecuadortimes.net\/es\/59-firmas-opositoras-piden-tramite-de-un-juicio-politico-a-jorge-glas\/"},"modified":"2017-06-29T00:00:00","modified_gmt":"2017-06-29T00:00:00","slug":"59-firmas-opositoras-piden-tramite-de-un-juicio-politico-a-jorge-glas","status":"publish","type":"post","link":"https:\/\/www.ecuadortimes.net\/es\/59-firmas-opositoras-piden-tramite-de-un-juicio-politico-a-jorge-glas\/","title":{"rendered":"59 firmas opositoras piden tr\u00e1mite de un juicio pol\u00edtico a Jorge Glas"},"content":{"rendered":"<p><img loading=\"lazy\" class=\"size-full wp-image-187409 aligncenter\" src=\"https:\/\/www.ecuadortimes.net\/es\/wp-content\/uploads\/2017\/06\/ECUADORTIMES_ECUADORNEWS_FIRMAS_OPOSITORAS_JUICIO_JORGE_GLAS.jpg\" alt=\"\" width=\"730\" height=\"450\" \/><\/p>\n<p>&nbsp;<\/p>\n<div class=\"location-event\"><strong>Quito -La alianza CREO-SUMA<\/strong> apoyada en 59 firmas de la oposici\u00f3n oficializ\u00f3 ayer el pedido de juicio pol\u00edtico <strong>contra el vicepresidente Jorge Glas<\/strong>, acusado de supuesto <strong>peculado, cohecho y enriquecimiento il\u00edcito.<\/strong><\/div>\n<p>La solicitud de interpelaci\u00f3n en contra de Glas se present\u00f3 en el mismo d\u00eda en que la Comisi\u00f3n de Fiscalizaci\u00f3n aprob\u00f3 un informe motivado que recomienda iniciar el juicio pol\u00edtico al excontralor Carlos P\u00f3lit.<\/p>\n<p><strong>Roberto G\u00f3mez, jefe de la bancada de CREO-SUMA<\/strong>, explic\u00f3 que el pedido de juicio se sustenta en tres juicios penales que est\u00e1n siendo procesados en la justicia ordinaria, donde dos tienen sentencia condenatoria por peculado y enriquecimiento il\u00edcito y uno en investigaci\u00f3n por cohecho.<\/p>\n<p>Manifest\u00f3 que no es suficiente el juicio pol\u00edtico a Carlos P\u00f3lit; y que la Asamblea se debe enfocar en el de Glas, quien es el responsable pol\u00edtico sobre la corrupci\u00f3n descubierta en las \u00e1reas estrat\u00e9gicas\u009d encargadas a \u00e9l v\u00eda decreto.<\/p>\n<p>Aclar\u00f3 que para iniciar un juicio pol\u00edtico contra el segundo mandatario no es necesario establecer responsabilidad penal previa en contra.<\/p>\n<p><strong>Los asamble\u00edstas cuya firma no consta en la petici\u00f3n de juicio son: C\u00e9sar Sol\u00f3rzano y Freddy Alarc\u00f3n (PSP); Elio Pe\u00f1a y Jaime Olivo (PK).<\/strong><\/p>\n<p>En cambio, CREO-SUMA, PSC y parte de la Bancada de Integraci\u00f3n Nacional (BIN), que agrupa a las minor\u00edas, firmaron por el juicio.<\/p>\n<p>Presentada la petici\u00f3n, el presidente de la Asamblea, Jos\u00e9 Serrano, la pondr\u00e1 en conocimiento del Consejo de Administraci\u00f3n Legislativa para que verifique el cumplimiento de los requisitos y si no hay reparos el expediente pasar\u00e1 a la Corte Constitucional para un dictamen de admisibilidad y posteriormente a la Comisi\u00f3n de Fiscalizaci\u00f3n.<\/p>\n<p>Sof\u00eda Esp\u00edn (AP) dijo que frente al pedido de juicio a Glas est\u00e1n convencidos de que no hay pruebas en su contra, porque a m\u00e1s de firmas se necesitan las pruebas.<\/p>\n<p>No se puede llevar a juicio pol\u00edtico por recortes de peri\u00f3dico, pues se necesitan pruebas de fondo\u009d, subray\u00f3. (I)<\/p>\n<p>&nbsp;<\/p>\n<p><strong>Fuente: <\/strong><span style=\"font-family: Calibri; color: black;\"><a href=\"http:\/\/www.eluniverso.com\/noticias\/2017\/06\/29\/nota\/6254182\/59-firmas-opositoras-piden-tramite-juicio-politico-jorge-glas\" target=\"_blank\" rel=\"noopener noreferrer\"><span style=\"color: #1155cc;\">http:\/\/www.eluniverso.com\/<wbr \/>noticias\/2017\/06\/29\/nota\/<wbr \/>6254182\/59-firmas-opositoras-<wbr \/>piden-tramite-juicio-politico-<wbr \/>jorge-glas<\/span><\/a><\/span><\/p>\n","protected":false},"excerpt":{"rendered":"<p>&nbsp; Quito -La alianza CREO-SUMA apoyada en 59 firmas de la oposici\u00f3n oficializ\u00f3 ayer el pedido de juicio pol\u00edtico contra el vicepresidente Jorge Glas, acusado de supuesto peculado, cohecho y enriquecimiento il\u00edcito. La solicitud de interpelaci\u00f3n en contra de Glas se present\u00f3 en el mismo d\u00eda en que la Comisi\u00f3n de Fiscalizaci\u00f3n aprob\u00f3 un informe motivado que recomienda iniciar el juicio pol\u00edtico al excontralor Carlos P\u00f3lit. Roberto G\u00f3mez, jefe de la bancada de CREO-SUMA, explic\u00f3 que el pedido de juicio se sustenta en tres juicios penales que est\u00e1n siendo procesados en la justicia ordinaria, donde dos tienen sentencia condenatoria por peculado y enriquecimiento il\u00edcito y uno en investigaci\u00f3n por cohecho. Manifest\u00f3 que no es suficiente el juicio pol\u00edtico a Carlos P\u00f3lit; y que la Asamblea se debe enfocar en el de Glas, quien es el responsable pol\u00edtico sobre la corrupci\u00f3n descubierta en las \u00e1reas estrat\u00e9gicas\u009d encargadas a \u00e9l v\u00eda decreto. Aclar\u00f3 que para iniciar un juicio pol\u00edtico contra el segundo mandatario no es necesario establecer responsabilidad penal previa en contra. Los asamble\u00edstas cuya firma no consta en la petici\u00f3n de juicio son: C\u00e9sar Sol\u00f3rzano y Freddy Alarc\u00f3n (PSP); Elio Pe\u00f1a y Jaime Olivo (PK). En cambio, CREO-SUMA, PSC y parte de la Bancada de Integraci\u00f3n Nacional (BIN), que agrupa a las minor\u00edas, firmaron por el juicio. Presentada la petici\u00f3n, el presidente de la Asamblea, Jos\u00e9 Serrano, la pondr\u00e1 en conocimiento del Consejo de Administraci\u00f3n Legislativa para que verifique el cumplimiento de los requisitos y si no hay reparos el expediente pasar\u00e1 a la Corte Constitucional para un dictamen de admisibilidad y posteriormente a la Comisi\u00f3n de Fiscalizaci\u00f3n. Sof\u00eda Esp\u00edn (AP) dijo que frente al pedido de juicio a Glas est\u00e1n convencidos de que no hay pruebas en su contra, porque a m\u00e1s de firmas se necesitan las pruebas. No se puede llevar a juicio pol\u00edtico por recortes de peri\u00f3dico, pues se necesitan pruebas de fondo\u009d, subray\u00f3. (I) &nbsp; Fuente: http:\/\/www.eluniverso.com\/noticias\/2017\/06\/29\/nota\/6254182\/59-firmas-opositoras-piden-tramite-juicio-politico-jorge-glas<\/p>\n","protected":false},"author":1,"featured_media":244237,"comment_status":"open","ping_status":"open","sticky":false,"template":"","format":"standard","meta":[],"categories":[54,32,40,35,56,46],"tags":[],"_links":{"self":[{"href":"https:\/\/www.ecuadortimes.net\/es\/wp-json\/wp\/v2\/posts\/244236"}],"collection":[{"href":"https:\/\/www.ecuadortimes.net\/es\/wp-json\/wp\/v2\/posts"}],"about":[{"href":"https:\/\/www.ecuadortimes.net\/es\/wp-json\/wp\/v2\/types\/post"}],"author":[{"embeddable":true,"href":"https:\/\/www.ecuadortimes.net\/es\/wp-json\/wp\/v2\/users\/1"}],"replies":[{"embeddable":true,"href":"https:\/\/www.ecuadortimes.net\/es\/wp-json\/wp\/v2\/comments?post=244236"}],"version-history":[{"count":0,"href":"https:\/\/www.ecuadortimes.net\/es\/wp-json\/wp\/v2\/posts\/244236\/revisions"}],"wp:featuredmedia":[{"embeddable":true,"href":"https:\/\/www.ecuadortimes.net\/es\/wp-json\/wp\/v2\/media\/244237"}],"wp:attachment":[{"href":"https:\/\/www.ecuadortimes.net\/es\/wp-json\/wp\/v2\/media?parent=244236"}],"wp:term":[{"taxonomy":"category","embeddable":true,"href":"https:\/\/www.ecuadortimes.net\/es\/wp-json\/wp\/v2\/categories?post=244236"},{"taxonomy":"post_tag","embeddable":true,"href":"https:\/\/www.ecuadortimes.net\/es\/wp-json\/wp\/v2\/tags?post=244236"}],"curies":[{"name":"wp","href":"https:\/\/api.w.org\/{rel}","templated":true}]}}