{"id":244240,"date":"2017-06-29T00:00:00","date_gmt":"2017-06-29T00:00:00","guid":{"rendered":"https:\/\/www.ecuadortimes.net\/es\/deuda-con-jubilados-llega-a-1-123-millones\/"},"modified":"2017-06-29T00:00:00","modified_gmt":"2017-06-29T00:00:00","slug":"deuda-con-jubilados-llega-a-1-123-millones","status":"publish","type":"post","link":"https:\/\/www.ecuadortimes.net\/es\/deuda-con-jubilados-llega-a-1-123-millones\/","title":{"rendered":"Deuda con jubilados llega a $ 1.123 millones"},"content":{"rendered":"<p><img loading=\"lazy\" class=\"size-full wp-image-187406 aligncenter\" src=\"https:\/\/www.ecuadortimes.net\/es\/wp-content\/uploads\/2017\/06\/ECUADORTIMES_ECUADORNEWS_DEUDA_JUBILADOS_1123_MILLONES.jpg\" alt=\"\" width=\"675\" height=\"450\" \/><\/p>\n<div><\/div>\n<div class=\"location-event\"><strong>Quito -Unos $ 1.123 millones adeuda el Gobierno a jubilados del sector p\u00fablico por el pago de incentivos jubilares.<\/strong> Dicho problema se arrastra desde el 2010 y se intensific\u00f3 en el 2015, <strong>inform\u00f3 ayer el ministro de Trabajo, Ra\u00fal Ledesma.<\/strong><\/div>\n<p>La cifra incluye el valor adeudado por los expedientes ingresados oficialmente que llegar\u00edan a $ 808 millones y unos $ 315 millones m\u00e1s que ya han sido reportados por los ministerios, pero que entrar\u00e1n oficialmente en estos meses.<\/p>\n<p>Ayer, tanto Ledesma como el ministro de Finanzas, Carlos de la Torre, informaron que se pagar\u00e1 en 30 o 40 d\u00edas al grupo m\u00e1s vulnerable: los jubilados que a la fecha tengan 70 a\u00f1os o m\u00e1s; as\u00ed como a aquellos que tienen alguna discapacidad o enfermedades catastr\u00f3ficas.<\/p>\n<p>Para este pago urgente, el <strong>Ministerio de Finanzas ya est\u00e1 tramitando un cr\u00e9dito<\/strong> con alg\u00fan ente multilateral por $ 150 millones. Esto cubrir\u00eda apenas el 10% de la deuda total. Para el otro 90%, los ministros indicaron que tratar\u00e1n de resolver nuevos mecanismos de pago en di\u00e1logo con los jubilados.<\/p>\n<p>De la Torre asegur\u00f3 que se trata de montos tremendamente elevados\u009d que al Gobierno le toca enfrentar de manera acumulada en este, que no es el mejor momento para la caja fiscal\u009d. Explic\u00f3 que el Gobierno anterior de Rafael Correa no presupuest\u00f3 estos fondos.<\/p>\n<p>Aunque no dio pistas sobre las formas posibles de pago para el resto de los jubilados, indic\u00f3 que se buscar\u00e1n f\u00f3rmulas para extenderlo para adelante.<\/p>\n<p>Por su parte, Alfonso Y\u00e1nez, presidente nacional de la Coordinadora de Maestros Jubilados del Ecuador, asegur\u00f3 que el anuncio del actual Gobierno sobre los pagos a los mayores de 70 a\u00f1os no es ninguna novedad. Se trata del mismo discurso que dio el 17 de marzo el entonces ministro de Econom\u00eda, Patricio Rivera, coment\u00f3.<\/p>\n<p>Seg\u00fan dijo, Rivera \u0093que ahora es consejero gubernamental\u0093 ya se hab\u00eda comprometido a pagar a los mayores de 70 a\u00f1os y se cumpli\u00f3 la cancelaci\u00f3n al 60% de este grupo. Lo que se har\u00eda es pagar al resto.<\/p>\n<p>Sin embargo, lament\u00f3 que las autoridades no se hayan referido a la deuda m\u00e1s global que, seg\u00fan dice Y\u00e1nez, tiene el Gobierno desde el 2008 y que afectar\u00eda a 22.000 maestros.<\/p>\n<p>Dijo que a m\u00e1s de los incentivos jubilares se les adeuda fondos de reserva del 2001 al 2009, y que ha habido problemas con la recategorizaci\u00f3n de los maestros.<\/p>\n<p>Lament\u00f3 que el actual Gobierno deba buscar cr\u00e9ditos para cumplir con los pagos, pero afirm\u00f3 que si el anterior Gobierno hubiese combatido la corrupci\u00f3n y no hubiese dilapidado dinero en coimas, habr\u00eda tenido los recursos suficientes para cumplir con los pagos.<\/p>\n<p>Asegur\u00f3 que en varias provincias se est\u00e1 preparando una huelga de hambre para exigir los pagos. Finalmente, pidi\u00f3 un di\u00e1logo directo con el presidente Len\u00edn Moreno y no solo con delegados. (I)<\/p>\n<p>&nbsp;<\/p>\n<p>&nbsp;<\/p>\n<p><strong>Fuente: <\/strong><a href=\"http:\/\/www.eluniverso.com\/noticias\/2017\/06\/29\/nota\/6254152\/deuda-jubilados-llega-1123-millones\" target=\"_blank\" rel=\"noopener noreferrer\">http:\/\/www.eluniverso.com\/noticias\/2017\/06\/29\/nota\/6254152\/deuda-jubilados-llega-1123-millones<\/a><\/p>\n<p>&nbsp;<\/p>\n<p>&nbsp;<\/p>\n","protected":false},"excerpt":{"rendered":"<p>Quito -Unos $ 1.123 millones adeuda el Gobierno a jubilados del sector p\u00fablico por el pago de incentivos jubilares. Dicho problema se arrastra desde el 2010 y se intensific\u00f3 en el 2015, inform\u00f3 ayer el ministro de Trabajo, Ra\u00fal Ledesma. La cifra incluye el valor adeudado por los expedientes ingresados oficialmente que llegar\u00edan a $ 808 millones y unos $ 315 millones m\u00e1s que ya han sido reportados por los ministerios, pero que entrar\u00e1n oficialmente en estos meses. Ayer, tanto Ledesma como el ministro de Finanzas, Carlos de la Torre, informaron que se pagar\u00e1 en 30 o 40 d\u00edas al grupo m\u00e1s vulnerable: los jubilados que a la fecha tengan 70 a\u00f1os o m\u00e1s; as\u00ed como a aquellos que tienen alguna discapacidad o enfermedades catastr\u00f3ficas. Para este pago urgente, el Ministerio de Finanzas ya est\u00e1 tramitando un cr\u00e9dito con alg\u00fan ente multilateral por $ 150 millones. Esto cubrir\u00eda apenas el 10% de la deuda total. Para el otro 90%, los ministros indicaron que tratar\u00e1n de resolver nuevos mecanismos de pago en di\u00e1logo con los jubilados. De la Torre asegur\u00f3 que se trata de montos tremendamente elevados\u009d que al Gobierno le toca enfrentar de manera acumulada en este, que no es el mejor momento para la caja fiscal\u009d. Explic\u00f3 que el Gobierno anterior de Rafael Correa no presupuest\u00f3 estos fondos. Aunque no dio pistas sobre las formas posibles de pago para el resto de los jubilados, indic\u00f3 que se buscar\u00e1n f\u00f3rmulas para extenderlo para adelante. Por su parte, Alfonso Y\u00e1nez, presidente nacional de la Coordinadora de Maestros Jubilados del Ecuador, asegur\u00f3 que el anuncio del actual Gobierno sobre los pagos a los mayores de 70 a\u00f1os no es ninguna novedad. Se trata del mismo discurso que dio el 17 de marzo el entonces ministro de Econom\u00eda, Patricio Rivera, coment\u00f3. Seg\u00fan dijo, Rivera \u0093que ahora es consejero gubernamental\u0093 ya se hab\u00eda comprometido a pagar a los mayores de 70 a\u00f1os y se cumpli\u00f3 la cancelaci\u00f3n al 60% de este grupo. Lo que se har\u00eda es pagar al resto. Sin embargo, lament\u00f3 que las autoridades no se hayan referido a la deuda m\u00e1s global que, seg\u00fan dice Y\u00e1nez, tiene el Gobierno desde el 2008 y que afectar\u00eda a 22.000 maestros. Dijo que a m\u00e1s de los incentivos jubilares se les adeuda fondos de reserva del 2001 al 2009, y que ha habido problemas con la recategorizaci\u00f3n de los maestros. Lament\u00f3 que el actual Gobierno deba buscar cr\u00e9ditos para cumplir con los pagos, pero afirm\u00f3 que si el anterior Gobierno hubiese combatido la corrupci\u00f3n y no hubiese dilapidado dinero en coimas, habr\u00eda tenido los recursos suficientes para cumplir con los pagos. Asegur\u00f3 que en varias provincias se est\u00e1 preparando una huelga de hambre para exigir los pagos. Finalmente, pidi\u00f3 un di\u00e1logo directo con el presidente Len\u00edn Moreno y no solo con delegados. (I) &nbsp; &nbsp; Fuente: http:\/\/www.eluniverso.com\/noticias\/2017\/06\/29\/nota\/6254152\/deuda-jubilados-llega-1123-millones &nbsp; &nbsp;<\/p>\n","protected":false},"author":1,"featured_media":244241,"comment_status":"open","ping_status":"open","sticky":false,"template":"","format":"standard","meta":[],"categories":[54,32,43,40,35],"tags":[],"_links":{"self":[{"href":"https:\/\/www.ecuadortimes.net\/es\/wp-json\/wp\/v2\/posts\/244240"}],"collection":[{"href":"https:\/\/www.ecuadortimes.net\/es\/wp-json\/wp\/v2\/posts"}],"about":[{"href":"https:\/\/www.ecuadortimes.net\/es\/wp-json\/wp\/v2\/types\/post"}],"author":[{"embeddable":true,"href":"https:\/\/www.ecuadortimes.net\/es\/wp-json\/wp\/v2\/users\/1"}],"replies":[{"embeddable":true,"href":"https:\/\/www.ecuadortimes.net\/es\/wp-json\/wp\/v2\/comments?post=244240"}],"version-history":[{"count":0,"href":"https:\/\/www.ecuadortimes.net\/es\/wp-json\/wp\/v2\/posts\/244240\/revisions"}],"wp:featuredmedia":[{"embeddable":true,"href":"https:\/\/www.ecuadortimes.net\/es\/wp-json\/wp\/v2\/media\/244241"}],"wp:attachment":[{"href":"https:\/\/www.ecuadortimes.net\/es\/wp-json\/wp\/v2\/media?parent=244240"}],"wp:term":[{"taxonomy":"category","embeddable":true,"href":"https:\/\/www.ecuadortimes.net\/es\/wp-json\/wp\/v2\/categories?post=244240"},{"taxonomy":"post_tag","embeddable":true,"href":"https:\/\/www.ecuadortimes.net\/es\/wp-json\/wp\/v2\/tags?post=244240"}],"curies":[{"name":"wp","href":"https:\/\/api.w.org\/{rel}","templated":true}]}}