{"id":244246,"date":"2017-06-29T00:00:00","date_gmt":"2017-06-29T00:00:00","guid":{"rendered":"https:\/\/www.ecuadortimes.net\/es\/tonicorp-inaugura-su-nueva-planta\/"},"modified":"2017-06-29T00:00:00","modified_gmt":"2017-06-29T00:00:00","slug":"tonicorp-inaugura-su-nueva-planta","status":"publish","type":"post","link":"https:\/\/www.ecuadortimes.net\/es\/tonicorp-inaugura-su-nueva-planta\/","title":{"rendered":"Tonicorp inaugura su nueva planta"},"content":{"rendered":"<p><img loading=\"lazy\" class=\"size-full wp-image-187413 aligncenter\" src=\"https:\/\/www.ecuadortimes.net\/es\/wp-content\/uploads\/2017\/06\/ECUADORTIMES_ECUADORNEWS_TONICORP_NUEVA_PLANTA.jpg\" alt=\"\" width=\"750\" height=\"450\" \/><\/p>\n<p>&nbsp;<\/p>\n<p>Pese a que empez\u00f3 paulatinamente sus operaciones en enero pasado, <strong>la nueva planta de Tonicorp inaugura hoy oficialmente al 100% sus instalaciones de 178 mil metros cuadrados en la v\u00eda a La Aurora.<\/strong><\/p>\n<p>Al acto, que ser\u00e1 hoy, a las 16:00, tiene previsto asistir el presidente de la Rep\u00fablica, Len\u00edn Moreno.<\/p>\n<p>Su director general, Jorge Medina Ycaza, comenta que la inversi\u00f3n total del proyecto se ubica en los $ 96,7 millones.<\/p>\n<p><strong>Este se inici\u00f3 en 2014 con la compra de Industrias L\u00e1cteas Toni, Heladosa, Pl\u00e1sticos Ecuatorianos, Dipor, Cosedone y Fabacorpsa, que forman el Holding Tonicorp; por parte del Arca Continental, una empresa de The Coca Cola Company.<\/strong><\/p>\n<p>El valor fue financiado en su mayor\u00eda ($ 90 millones) con un pr\u00e9stamo de la<strong> Corporaci\u00f3n Financiera Internacional (IFC por sus siglas en ingl\u00e9s),<\/strong> organismo que integra el Grupo Banco Mundial.<\/p>\n<p>El proyecto nace con el objetivo de convertirnos en referentes, con una planta que cumpla con los est\u00e1ndares de calidad, ampliar nuestra capacidad de producci\u00f3n y el consumo con miras a llevar los productos a otros pa\u00edses\u009d, explica Medina, quien agrega que el objetivo es crecer en el consumo per c\u00e1pita de productos l\u00e1cteos en Ecuador, que ahora se ubica en 3,2 kg al a\u00f1o, a 6 kg al cabo de los pr\u00f3ximos 5 a\u00f1os.<\/p>\n<p>La nueva planta ocupa 30 mil metros cuadrados, donde funcionan 19 l\u00edneas de producci\u00f3n, 12 de negocios Toni (Yogur y productos l\u00e1cteos) y 7 de Heladosa (helados Topsi). Medina agrega que actualmente la planta tiene una capacidad utilizada de 80 millones de litros al a\u00f1o, pero su capacidad instalada es de 150 millones de litros. Pr\u00e1cticamente, podemos duplicar el volumen de producci\u00f3n\u009d, destaca el director al agregar adem\u00e1s que cuentan con bodegas para 15 mil posisiones, que se dividen en tres negocios: ambiente, refrigerado y congelado. En este espacio se almacena el producto que luego es enviado a los 20 centros de distribuci\u00f3n que funcionan a nivel nacional.<\/p>\n<p>En cuanto a la tecnolog\u00eda para el desarrollo de sus productos cuentan con maquinaria italiana para la elaboraci\u00f3n de los helados, francesa para las leches de sabores y americana para los yogures.<\/p>\n<p>Adem\u00e1s resalta el papel de las expectativas de exportaci\u00f3n que se incrementaron con la entrada en vigencia del tratado comercial con la Uni\u00f3n Europea. Actualmente, exportan a Per\u00fa, Colombia, Chile, Centroam\u00e9rica, Hait\u00ed, Bolivia, Panam\u00e1; y empezaron a enviar avena y otros productos a Estados Unidos, Emiratos \u00c3\u0081rabes y Espa\u00f1a. Estamos viendo con buenos ojos a Europa, el acuerdo comercial nos permite introducir nuestros productos (&#8230;), vemos la oportunidad en segmentos como el Cafelato\u009d, manifiesta Medina. (I)<\/p>\n<p>&nbsp;<\/p>\n<p><strong>Fuente:<\/strong> <a href=\"http:\/\/www.eluniverso.com\/noticias\/2017\/06\/29\/nota\/6254113\/tonicorp-inaugura-su-nueva-planta\" target=\"_blank\" rel=\"noopener noreferrer\">http:\/\/www.eluniverso.com\/noticias\/2017\/06\/29\/nota\/6254113\/tonicorp-inaugura-su-nueva-planta<\/a><\/p>\n","protected":false},"excerpt":{"rendered":"<p>&nbsp; Pese a que empez\u00f3 paulatinamente sus operaciones en enero pasado, la nueva planta de Tonicorp inaugura hoy oficialmente al 100% sus instalaciones de 178 mil metros cuadrados en la v\u00eda a La Aurora. Al acto, que ser\u00e1 hoy, a las 16:00, tiene previsto asistir el presidente de la Rep\u00fablica, Len\u00edn Moreno. Su director general, Jorge Medina Ycaza, comenta que la inversi\u00f3n total del proyecto se ubica en los $ 96,7 millones. Este se inici\u00f3 en 2014 con la compra de Industrias L\u00e1cteas Toni, Heladosa, Pl\u00e1sticos Ecuatorianos, Dipor, Cosedone y Fabacorpsa, que forman el Holding Tonicorp; por parte del Arca Continental, una empresa de The Coca Cola Company. El valor fue financiado en su mayor\u00eda ($ 90 millones) con un pr\u00e9stamo de la Corporaci\u00f3n Financiera Internacional (IFC por sus siglas en ingl\u00e9s), organismo que integra el Grupo Banco Mundial. El proyecto nace con el objetivo de convertirnos en referentes, con una planta que cumpla con los est\u00e1ndares de calidad, ampliar nuestra capacidad de producci\u00f3n y el consumo con miras a llevar los productos a otros pa\u00edses\u009d, explica Medina, quien agrega que el objetivo es crecer en el consumo per c\u00e1pita de productos l\u00e1cteos en Ecuador, que ahora se ubica en 3,2 kg al a\u00f1o, a 6 kg al cabo de los pr\u00f3ximos 5 a\u00f1os. La nueva planta ocupa 30 mil metros cuadrados, donde funcionan 19 l\u00edneas de producci\u00f3n, 12 de negocios Toni (Yogur y productos l\u00e1cteos) y 7 de Heladosa (helados Topsi). Medina agrega que actualmente la planta tiene una capacidad utilizada de 80 millones de litros al a\u00f1o, pero su capacidad instalada es de 150 millones de litros. Pr\u00e1cticamente, podemos duplicar el volumen de producci\u00f3n\u009d, destaca el director al agregar adem\u00e1s que cuentan con bodegas para 15 mil posisiones, que se dividen en tres negocios: ambiente, refrigerado y congelado. En este espacio se almacena el producto que luego es enviado a los 20 centros de distribuci\u00f3n que funcionan a nivel nacional. En cuanto a la tecnolog\u00eda para el desarrollo de sus productos cuentan con maquinaria italiana para la elaboraci\u00f3n de los helados, francesa para las leches de sabores y americana para los yogures. Adem\u00e1s resalta el papel de las expectativas de exportaci\u00f3n que se incrementaron con la entrada en vigencia del tratado comercial con la Uni\u00f3n Europea. Actualmente, exportan a Per\u00fa, Colombia, Chile, Centroam\u00e9rica, Hait\u00ed, Bolivia, Panam\u00e1; y empezaron a enviar avena y otros productos a Estados Unidos, Emiratos \u00c3\u0081rabes y Espa\u00f1a. Estamos viendo con buenos ojos a Europa, el acuerdo comercial nos permite introducir nuestros productos (&#8230;), vemos la oportunidad en segmentos como el Cafelato\u009d, manifiesta Medina. (I) &nbsp; Fuente: http:\/\/www.eluniverso.com\/noticias\/2017\/06\/29\/nota\/6254113\/tonicorp-inaugura-su-nueva-planta<\/p>\n","protected":false},"author":1,"featured_media":244247,"comment_status":"open","ping_status":"open","sticky":false,"template":"","format":"standard","meta":[],"categories":[54,32,43,35],"tags":[],"_links":{"self":[{"href":"https:\/\/www.ecuadortimes.net\/es\/wp-json\/wp\/v2\/posts\/244246"}],"collection":[{"href":"https:\/\/www.ecuadortimes.net\/es\/wp-json\/wp\/v2\/posts"}],"about":[{"href":"https:\/\/www.ecuadortimes.net\/es\/wp-json\/wp\/v2\/types\/post"}],"author":[{"embeddable":true,"href":"https:\/\/www.ecuadortimes.net\/es\/wp-json\/wp\/v2\/users\/1"}],"replies":[{"embeddable":true,"href":"https:\/\/www.ecuadortimes.net\/es\/wp-json\/wp\/v2\/comments?post=244246"}],"version-history":[{"count":0,"href":"https:\/\/www.ecuadortimes.net\/es\/wp-json\/wp\/v2\/posts\/244246\/revisions"}],"wp:featuredmedia":[{"embeddable":true,"href":"https:\/\/www.ecuadortimes.net\/es\/wp-json\/wp\/v2\/media\/244247"}],"wp:attachment":[{"href":"https:\/\/www.ecuadortimes.net\/es\/wp-json\/wp\/v2\/media?parent=244246"}],"wp:term":[{"taxonomy":"category","embeddable":true,"href":"https:\/\/www.ecuadortimes.net\/es\/wp-json\/wp\/v2\/categories?post=244246"},{"taxonomy":"post_tag","embeddable":true,"href":"https:\/\/www.ecuadortimes.net\/es\/wp-json\/wp\/v2\/tags?post=244246"}],"curies":[{"name":"wp","href":"https:\/\/api.w.org\/{rel}","templated":true}]}}